{"id":3289,"date":"2018-05-22T22:31:55","date_gmt":"2018-05-23T01:31:55","guid":{"rendered":"http:\/\/filo.unt.edu.ar\/noticias\/?p=3289"},"modified":"2018-06-07T13:49:16","modified_gmt":"2018-06-07T16:49:16","slug":"lupa-presento-un-adelanto-de-la-serie-honrar-una-herencia-a-100-anos-de-la-reforma-universitaria","status":"publish","type":"post","link":"https:\/\/filo.unt.edu.ar\/noticias\/2018\/05\/22\/lupa-presento-un-adelanto-de-la-serie-honrar-una-herencia-a-100-anos-de-la-reforma-universitaria\/","title":{"rendered":"LUPA present\u00f3 un adelanto de la serie \u201cHonrar una herencia. A 100 a\u00f1os de la Reforma Universitaria\u201d"},"content":{"rendered":"<div id=\"pl-3289\"  class=\"panel-layout\"><div id=\"pg-3289-0\"  class=\"panel-grid panel-no-style\"><div id=\"pgc-3289-0-0\"  class=\"panel-grid-cell\"><div id=\"panel-3289-0-0-0\" class=\"so-panel widget widget_black-studio-tinymce widget_black_studio_tinymce panel-first-child panel-last-child\" data-index=\"0\"><div class=\"textwidget\"><p style=\"font-weight: 400\">El s\u00e1bado 19 de mayo, la productora LUPA de la Facultad de Filosof\u00eda y Letras present\u00f3 un adelanto de la serie \u201cHonrar una herencia. <\/p><\/div><\/div><\/div><\/div><\/div><p><a class=\"more-link\" href=\"https:\/\/filo.unt.edu.ar\/noticias\/2018\/05\/22\/lupa-presento-un-adelanto-de-la-serie-honrar-una-herencia-a-100-anos-de-la-reforma-universitaria\/\">Continuar leyendo<span class=\"meta-nav\">&rarr;<\/span><\/a><\/p>","protected":false},"excerpt":{"rendered":"<p>El s\u00e1bado 19 de mayo, la productora LUPA de la Facultad de Filosof\u00eda y Letras present\u00f3 un adelanto de la serie \u201cHonrar una herencia. A 100 a\u00f1os de la Reforma Universitaria\u201d, en el macro del\u00a0Congreso Latinoamericano \u201cA 100 a\u00f1os de la Reforma Universitaria del \u201918&#8243;, en la Universidad Nacional de [&hellip;]<\/p>\n","protected":false},"author":3,"featured_media":3370,"comment_status":"closed","ping_status":"closed","sticky":false,"template":"","format":"standard","meta":{"footnotes":""},"categories":[6],"tags":[],"class_list":{"0":"post-3289","1":"post","2":"type-post","3":"status-publish","4":"format-standard","5":"has-post-thumbnail","6":"hentry","7":"category-extension","9":"post-with-thumbnail","10":"post-with-thumbnail-large"},"_links":{"self":[{"href":"https:\/\/filo.unt.edu.ar\/noticias\/wp-json\/wp\/v2\/posts\/3289","targetHints":{"allow":["GET"]}}],"collection":[{"href":"https:\/\/filo.unt.edu.ar\/noticias\/wp-json\/wp\/v2\/posts"}],"about":[{"href":"https:\/\/filo.unt.edu.ar\/noticias\/wp-json\/wp\/v2\/types\/post"}],"author":[{"embeddable":true,"href":"https:\/\/filo.unt.edu.ar\/noticias\/wp-json\/wp\/v2\/users\/3"}],"replies":[{"embeddable":true,"href":"https:\/\/filo.unt.edu.ar\/noticias\/wp-json\/wp\/v2\/comments?post=3289"}],"version-history":[{"count":9,"href":"https:\/\/filo.unt.edu.ar\/noticias\/wp-json\/wp\/v2\/posts\/3289\/revisions"}],"predecessor-version":[{"id":3373,"href":"https:\/\/filo.unt.edu.ar\/noticias\/wp-json\/wp\/v2\/posts\/3289\/revisions\/3373"}],"wp:featuredmedia":[{"embeddable":true,"href":"https:\/\/filo.unt.edu.ar\/noticias\/wp-json\/wp\/v2\/media\/3370"}],"wp:attachment":[{"href":"https:\/\/filo.unt.edu.ar\/noticias\/wp-json\/wp\/v2\/media?parent=3289"}],"wp:term":[{"taxonomy":"category","embeddable":true,"href":"https:\/\/filo.unt.edu.ar\/noticias\/wp-json\/wp\/v2\/categories?post=3289"},{"taxonomy":"post_tag","embeddable":true,"href":"https:\/\/filo.unt.edu.ar\/noticias\/wp-json\/wp\/v2\/tags?post=3289"}],"curies":[{"name":"wp","href":"https:\/\/api.w.org\/{rel}","templated":true}]}}