{"id":3247,"date":"2018-05-07T10:46:03","date_gmt":"2018-05-07T13:46:03","guid":{"rendered":"http:\/\/filo.unt.edu.ar\/noticias\/?p=3247"},"modified":"2018-06-07T13:19:19","modified_gmt":"2018-06-07T16:19:19","slug":"filosofia-y-letras-debatio-sobre-la-violencia-institucional","status":"publish","type":"post","link":"https:\/\/filo.unt.edu.ar\/noticias\/2018\/05\/07\/filosofia-y-letras-debatio-sobre-la-violencia-institucional\/","title":{"rendered":"Filosof\u00eda y Letras debati\u00f3 sobre la violencia institucional"},"content":{"rendered":"<div id=\"pl-3247\" class=\"panel-layout\">\n<div id=\"pg-3247-0\" class=\"panel-grid panel-no-style\">\n<div id=\"pgc-3247-0-0\" class=\"panel-grid-cell\">\n<div id=\"panel-3247-0-0-0\" class=\"so-panel widget widget_black-studio-tinymce widget_black_studio_tinymce panel-first-child panel-last-child\">\n<div class=\"textwidget\">\n<p><span style=\"font-weight: 400\">El jueves 3, en el Espacio Cultural y<\/span><span style=\"font-weight: 400\">\u00a0en el marco del mes de lucha contra la violencia institucional, se realiz\u00f3 la Mesa de lucha \u2018Violencia Institucional y j\u00f3venes\u2019, <!--more-->organizada por la C\u00e1tedra de \u201cPol\u00edtica y Legislaci\u00f3n escolar\u201d en articulaci\u00f3n con diversas organizaciones del medio como ANDHES, UNICEF, NO a la BAJA, SEAHS y Justicia por Reyes.<\/span><\/p>\n<p><span style=\"font-weight: 400\">El objetivo de la jornada fue instalar el debate sobre la violencia institucional en las escuelas, en los barrios y en las universidades y cuestionar la domesticaci\u00f3n que ejercen los medios de comunicaci\u00f3n, que profundizan la fragmentaci\u00f3n a trav\u00e9s de la reproducci\u00f3n de patrones estigmatizantes.<\/span><\/p>\n<p><span style=\"font-weight: 400\">ANDHES estuvo a cargo de la presentaci\u00f3n de la aplicaci\u00f3n para denunciar detenciones ilegales en Tucum\u00e1n y la publicaci\u00f3n \u201cDiagn\u00f3stico sobre patrones que facilitan la tortura en Villa Urquiza\u201d.<\/span><\/p>\n<p><span style=\"font-weight: 400\">El Mg. ESteban Rodriguez Alzueta ofreci\u00f3 la lectura \u201cFormas de la violencia policial. Relaciones entre j\u00f3venes \/ Polic\u00eda&#8221; y el Dr. Gustavo Palmieri disert\u00f3 sobre los desaf\u00edos del Sistema Nacional para la prevenci\u00f3n de la tortura y su impacto en los j\u00f3venes.<\/span><\/p>\n<p><a href=\"https:\/\/www.facebook.com\/254943048174909\/photos\/?tab=album&amp;album_id=664869643848912\" target=\"_blank\" rel=\"noopener\">Ver Fotos.-<\/a><\/p>\n<\/div>\n<\/div>\n<\/div>\n<\/div>\n<\/div>\n","protected":false},"excerpt":{"rendered":"<p>El jueves 3, en el Espacio Cultural y\u00a0en el marco del mes de lucha contra la violencia institucional, se realiz\u00f3 la Mesa de lucha \u2018Violencia Institucional y j\u00f3venes\u2019,<\/p>\n","protected":false},"author":3,"featured_media":3340,"comment_status":"closed","ping_status":"closed","sticky":false,"template":"","format":"standard","meta":{"footnotes":""},"categories":[6],"tags":[],"class_list":{"0":"post-3247","1":"post","2":"type-post","3":"status-publish","4":"format-standard","5":"has-post-thumbnail","6":"hentry","7":"category-extension","9":"post-with-thumbnail","10":"post-with-thumbnail-large"},"_links":{"self":[{"href":"https:\/\/filo.unt.edu.ar\/noticias\/wp-json\/wp\/v2\/posts\/3247","targetHints":{"allow":["GET"]}}],"collection":[{"href":"https:\/\/filo.unt.edu.ar\/noticias\/wp-json\/wp\/v2\/posts"}],"about":[{"href":"https:\/\/filo.unt.edu.ar\/noticias\/wp-json\/wp\/v2\/types\/post"}],"author":[{"embeddable":true,"href":"https:\/\/filo.unt.edu.ar\/noticias\/wp-json\/wp\/v2\/users\/3"}],"replies":[{"embeddable":true,"href":"https:\/\/filo.unt.edu.ar\/noticias\/wp-json\/wp\/v2\/comments?post=3247"}],"version-history":[{"count":13,"href":"https:\/\/filo.unt.edu.ar\/noticias\/wp-json\/wp\/v2\/posts\/3247\/revisions"}],"predecessor-version":[{"id":3255,"href":"https:\/\/filo.unt.edu.ar\/noticias\/wp-json\/wp\/v2\/posts\/3247\/revisions\/3255"}],"wp:featuredmedia":[{"embeddable":true,"href":"https:\/\/filo.unt.edu.ar\/noticias\/wp-json\/wp\/v2\/media\/3340"}],"wp:attachment":[{"href":"https:\/\/filo.unt.edu.ar\/noticias\/wp-json\/wp\/v2\/media?parent=3247"}],"wp:term":[{"taxonomy":"category","embeddable":true,"href":"https:\/\/filo.unt.edu.ar\/noticias\/wp-json\/wp\/v2\/categories?post=3247"},{"taxonomy":"post_tag","embeddable":true,"href":"https:\/\/filo.unt.edu.ar\/noticias\/wp-json\/wp\/v2\/tags?post=3247"}],"curies":[{"name":"wp","href":"https:\/\/api.w.org\/{rel}","templated":true}]}}