{"id":3104,"date":"2018-04-11T12:10:32","date_gmt":"2018-04-11T15:10:32","guid":{"rendered":"http:\/\/filo.unt.edu.ar\/noticias\/?p=3104"},"modified":"2018-05-07T13:08:30","modified_gmt":"2018-05-07T16:08:30","slug":"sibila-camps-en-filosofia-y-letras","status":"publish","type":"post","link":"https:\/\/filo.unt.edu.ar\/noticias\/2018\/04\/11\/sibila-camps-en-filosofia-y-letras\/","title":{"rendered":"Sibila Camps en Filosof\u00eda y Letras"},"content":{"rendered":"<p>El martes 10, la C\u00e1tedra de Periodismo y Producci\u00f3n Period\u00edstica, invit\u00f3 a Sibila Camps a brindar la Charla &#8220;Una aproximaci\u00f3n a la cobertura de desastres y emergencias&#8221;.<!--more--><\/p>\n<p>El Prof. Ricardo Bocos, docente de ambas materias, remarc\u00f3 la importancia de organizar una charla con tan dedicada y comprometida\u00a0periodista y escritora argentina. Dijo tambi\u00e9n que la presencia de Sibila les da a los estudiantes la posibilidad de poder materializar el concepto period\u00edstico y comunicacional que abarca la C\u00e1tedra.<\/p>\n<p>Sibila Camps es docente en periodismo y especialista en cobertura y comunicaci\u00f3n sobre desastres y emergencias y en temas de salud, medio ambiente, g\u00e9nero, discapacidad y pueblos ind\u00edgenas. Trabajadora de diarios, revistas y asociaciones, se dedic\u00f3 a la investigaci\u00f3n period\u00edstica. Producto de ello son dos de sus libros: uno sobre el &#8220;Malevo&#8221; Ferreyra y otro acerca de &#8220;Marita&#8221; Ver\u00f3n.<\/p>\n<p>En\u00a0la charla participaron docentes y alumnos de nuestra y otras Facultades, como as\u00ed tambi\u00e9n profesionales de la Comunicaci\u00f3n.<\/p>\n<p><a href=\"https:\/\/www.facebook.com\/pg\/filount\/photos\/?tab=album&amp;album_id=634596190209591\" target=\"_blank\" rel=\"noopener\">Ver Fotos.-<\/a><\/p>\n","protected":false},"excerpt":{"rendered":"<p>El martes 10, la C\u00e1tedra de Periodismo y Producci\u00f3n Period\u00edstica, invit\u00f3 a Sibila Camps a brindar la Charla &#8220;Una aproximaci\u00f3n a la cobertura de desastres y emergencias&#8221;.<\/p>\n","protected":false},"author":101013,"featured_media":3115,"comment_status":"closed","ping_status":"closed","sticky":false,"template":"","format":"standard","meta":{"footnotes":""},"categories":[6],"tags":[],"class_list":{"0":"post-3104","1":"post","2":"type-post","3":"status-publish","4":"format-standard","5":"has-post-thumbnail","6":"hentry","7":"category-extension","9":"post-with-thumbnail","10":"post-with-thumbnail-large"},"_links":{"self":[{"href":"https:\/\/filo.unt.edu.ar\/noticias\/wp-json\/wp\/v2\/posts\/3104","targetHints":{"allow":["GET"]}}],"collection":[{"href":"https:\/\/filo.unt.edu.ar\/noticias\/wp-json\/wp\/v2\/posts"}],"about":[{"href":"https:\/\/filo.unt.edu.ar\/noticias\/wp-json\/wp\/v2\/types\/post"}],"author":[{"embeddable":true,"href":"https:\/\/filo.unt.edu.ar\/noticias\/wp-json\/wp\/v2\/users\/101013"}],"replies":[{"embeddable":true,"href":"https:\/\/filo.unt.edu.ar\/noticias\/wp-json\/wp\/v2\/comments?post=3104"}],"version-history":[{"count":8,"href":"https:\/\/filo.unt.edu.ar\/noticias\/wp-json\/wp\/v2\/posts\/3104\/revisions"}],"predecessor-version":[{"id":3197,"href":"https:\/\/filo.unt.edu.ar\/noticias\/wp-json\/wp\/v2\/posts\/3104\/revisions\/3197"}],"wp:featuredmedia":[{"embeddable":true,"href":"https:\/\/filo.unt.edu.ar\/noticias\/wp-json\/wp\/v2\/media\/3115"}],"wp:attachment":[{"href":"https:\/\/filo.unt.edu.ar\/noticias\/wp-json\/wp\/v2\/media?parent=3104"}],"wp:term":[{"taxonomy":"category","embeddable":true,"href":"https:\/\/filo.unt.edu.ar\/noticias\/wp-json\/wp\/v2\/categories?post=3104"},{"taxonomy":"post_tag","embeddable":true,"href":"https:\/\/filo.unt.edu.ar\/noticias\/wp-json\/wp\/v2\/tags?post=3104"}],"curies":[{"name":"wp","href":"https:\/\/api.w.org\/{rel}","templated":true}]}}