{"id":3071,"date":"2018-04-20T10:15:28","date_gmt":"2018-04-20T13:15:28","guid":{"rendered":"http:\/\/filo.unt.edu.ar\/noticias\/?p=3071"},"modified":"2018-05-07T12:58:28","modified_gmt":"2018-05-07T15:58:28","slug":"el-prof-alan-rush-hablo-acerca-de-gramsci-los-gramscianos-y-las-ctns","status":"publish","type":"post","link":"https:\/\/filo.unt.edu.ar\/noticias\/2018\/04\/20\/el-prof-alan-rush-hablo-acerca-de-gramsci-los-gramscianos-y-las-ctns\/","title":{"rendered":"El Prof. Alan Rush habl\u00f3 acerca de &#8220;Gramsci, los gramscianos y las CTNS&#8221;"},"content":{"rendered":"<p><span style=\"font-weight: 400\">El jueves 19 de Abril, el Prof. Alan Rush brind\u00f3 una Charla Abierta titulada &#8220;Gramsci, los gramscianos, y CTNS&#8221; en el aula 123 de nuestra Facultad.<\/span> <!--more--><\/p>\n<p><span style=\"font-weight: 400\">El Lic. Rush articul\u00f3 las propuestas de Gramsci y los Gramscianos con la problem\u00e1tica de la Ciencia, la Tecnolog\u00eda y la Sociedad (CTS), que abarca los efectos culturales, \u00e9ticos y pol\u00edticos del conocimiento cient\u00edfico y la innovaci\u00f3n tecnol\u00f3gica\u200b colocando el \u00e9nfasis en la interpretaci\u00f3n sobre las utilidades, apropiaciones e impactos en la vida cotidiana de las personas; pero agregando a esto la cuesti\u00f3n de la naturaleza, por eso CTNS. <\/span><\/p>\n<p><span style=\"font-weight: 400\">Comenz\u00f3 su charla contextualizando al fil\u00f3sofo, te\u00f3rico marxista, pol\u00edtico y periodista italiano y avanz\u00f3 sobre una corriente de estudios CTS que se apoyan en Gramsci para desarrollar el aspecto ecol\u00f3gico, ambientalista, y a veces reprimido y sepultado de la naturaleza. Los estudiosos afirman que Gramsci escribi\u00f3 un escaso pero muy importante pasaje acerca de ella en sus &#8220;Cuadernos de la C\u00e1rcel&#8221;.<\/span><\/p>\n<p><span style=\"font-weight: 400\">Asistieron a la charla, organizada por el Proyecto CIUNT H578 del Instituto de Epistemolog\u00eda de nuestra Facultad, \u00a0interesados de diversas \u00e1reas cient\u00edficas que se llevaron consigo una clase magistral que hizo su recorrido por la historia, la filosof\u00eda y la semi\u00f3tica.<\/span><\/p>\n<p><a href=\"https:\/\/www.facebook.com\/pg\/filount\/photos\/?tab=album&amp;album_id=641041676231709\" target=\"_blank\" rel=\"noopener\">Ver Fotos.-<\/a><\/p>\n","protected":false},"excerpt":{"rendered":"<p>El jueves 19 de Abril, el Prof. Alan Rush brind\u00f3 una Charla Abierta titulada &#8220;Gramsci, los gramscianos, y CTNS&#8221; en el aula 123 de nuestra Facultad.<\/p>\n","protected":false},"author":101013,"featured_media":3099,"comment_status":"closed","ping_status":"closed","sticky":false,"template":"","format":"standard","meta":{"footnotes":""},"categories":[6],"tags":[],"class_list":{"0":"post-3071","1":"post","2":"type-post","3":"status-publish","4":"format-standard","5":"has-post-thumbnail","6":"hentry","7":"category-extension","9":"post-with-thumbnail","10":"post-with-thumbnail-large"},"_links":{"self":[{"href":"https:\/\/filo.unt.edu.ar\/noticias\/wp-json\/wp\/v2\/posts\/3071","targetHints":{"allow":["GET"]}}],"collection":[{"href":"https:\/\/filo.unt.edu.ar\/noticias\/wp-json\/wp\/v2\/posts"}],"about":[{"href":"https:\/\/filo.unt.edu.ar\/noticias\/wp-json\/wp\/v2\/types\/post"}],"author":[{"embeddable":true,"href":"https:\/\/filo.unt.edu.ar\/noticias\/wp-json\/wp\/v2\/users\/101013"}],"replies":[{"embeddable":true,"href":"https:\/\/filo.unt.edu.ar\/noticias\/wp-json\/wp\/v2\/comments?post=3071"}],"version-history":[{"count":7,"href":"https:\/\/filo.unt.edu.ar\/noticias\/wp-json\/wp\/v2\/posts\/3071\/revisions"}],"predecessor-version":[{"id":3180,"href":"https:\/\/filo.unt.edu.ar\/noticias\/wp-json\/wp\/v2\/posts\/3071\/revisions\/3180"}],"wp:featuredmedia":[{"embeddable":true,"href":"https:\/\/filo.unt.edu.ar\/noticias\/wp-json\/wp\/v2\/media\/3099"}],"wp:attachment":[{"href":"https:\/\/filo.unt.edu.ar\/noticias\/wp-json\/wp\/v2\/media?parent=3071"}],"wp:term":[{"taxonomy":"category","embeddable":true,"href":"https:\/\/filo.unt.edu.ar\/noticias\/wp-json\/wp\/v2\/categories?post=3071"},{"taxonomy":"post_tag","embeddable":true,"href":"https:\/\/filo.unt.edu.ar\/noticias\/wp-json\/wp\/v2\/tags?post=3071"}],"curies":[{"name":"wp","href":"https:\/\/api.w.org\/{rel}","templated":true}]}}