{"id":2957,"date":"2018-03-07T12:23:04","date_gmt":"2018-03-07T15:23:04","guid":{"rendered":"http:\/\/filo.unt.edu.ar\/noticias\/?p=2957"},"modified":"2018-04-05T12:59:06","modified_gmt":"2018-04-05T15:59:06","slug":"lenguas-para-la-comunidad-abrio-una-nueva-sede","status":"publish","type":"post","link":"https:\/\/filo.unt.edu.ar\/noticias\/2018\/03\/07\/lenguas-para-la-comunidad-abrio-una-nueva-sede\/","title":{"rendered":"Lenguas para la Comunidad abri\u00f3 una nueva sede"},"content":{"rendered":"<div id=\"pl-2957\"  class=\"panel-layout\"><div id=\"pg-2957-0\"  class=\"panel-grid panel-no-style\"><div id=\"pgc-2957-0-0\"  class=\"panel-grid-cell\"><div id=\"panel-2957-0-0-0\" class=\"so-panel widget widget_black-studio-tinymce widget_black_studio_tinymce panel-first-child panel-last-child\" data-index=\"0\"><div class=\"textwidget\"><p>En el mes de Marzo la Coordinaci\u00f3n de Lenguas para la Comunidad, de la Secretar\u00eda de Extensi\u00f3n de la Facultad, inaugur\u00f3 una nueva sede en General paz 943.\u00a0<\/p><\/div><\/div><\/div><\/div><\/div><p><a class=\"more-link\" href=\"https:\/\/filo.unt.edu.ar\/noticias\/2018\/03\/07\/lenguas-para-la-comunidad-abrio-una-nueva-sede\/\">Continuar leyendo<span class=\"meta-nav\">&rarr;<\/span><\/a><\/p>","protected":false},"excerpt":{"rendered":"<p>En el mes de Marzo la Coordinaci\u00f3n de Lenguas para la Comunidad, de la Secretar\u00eda de Extensi\u00f3n de la Facultad, inaugur\u00f3 una nueva sede en General paz 943.\u00a0La Coordinadora del espacio, Lic. Julia Stella, manifest\u00f3 que esta acci\u00f3n responde a la necesidad de ampliar\u00a0 la disponibilidad de d\u00edas y horarios [&hellip;]<\/p>\n","protected":false},"author":3,"featured_media":3018,"comment_status":"closed","ping_status":"closed","sticky":false,"template":"","format":"standard","meta":{"footnotes":""},"categories":[6],"tags":[],"class_list":{"0":"post-2957","1":"post","2":"type-post","3":"status-publish","4":"format-standard","5":"has-post-thumbnail","6":"hentry","7":"category-extension","9":"post-with-thumbnail","10":"post-with-thumbnail-large"},"_links":{"self":[{"href":"https:\/\/filo.unt.edu.ar\/noticias\/wp-json\/wp\/v2\/posts\/2957","targetHints":{"allow":["GET"]}}],"collection":[{"href":"https:\/\/filo.unt.edu.ar\/noticias\/wp-json\/wp\/v2\/posts"}],"about":[{"href":"https:\/\/filo.unt.edu.ar\/noticias\/wp-json\/wp\/v2\/types\/post"}],"author":[{"embeddable":true,"href":"https:\/\/filo.unt.edu.ar\/noticias\/wp-json\/wp\/v2\/users\/3"}],"replies":[{"embeddable":true,"href":"https:\/\/filo.unt.edu.ar\/noticias\/wp-json\/wp\/v2\/comments?post=2957"}],"version-history":[{"count":15,"href":"https:\/\/filo.unt.edu.ar\/noticias\/wp-json\/wp\/v2\/posts\/2957\/revisions"}],"predecessor-version":[{"id":3023,"href":"https:\/\/filo.unt.edu.ar\/noticias\/wp-json\/wp\/v2\/posts\/2957\/revisions\/3023"}],"wp:featuredmedia":[{"embeddable":true,"href":"https:\/\/filo.unt.edu.ar\/noticias\/wp-json\/wp\/v2\/media\/3018"}],"wp:attachment":[{"href":"https:\/\/filo.unt.edu.ar\/noticias\/wp-json\/wp\/v2\/media?parent=2957"}],"wp:term":[{"taxonomy":"category","embeddable":true,"href":"https:\/\/filo.unt.edu.ar\/noticias\/wp-json\/wp\/v2\/categories?post=2957"},{"taxonomy":"post_tag","embeddable":true,"href":"https:\/\/filo.unt.edu.ar\/noticias\/wp-json\/wp\/v2\/tags?post=2957"}],"curies":[{"name":"wp","href":"https:\/\/api.w.org\/{rel}","templated":true}]}}