{"id":2876,"date":"2018-02-09T13:14:59","date_gmt":"2018-02-09T16:14:59","guid":{"rendered":"http:\/\/filo.unt.edu.ar\/noticias\/?p=2876"},"modified":"2018-04-05T12:58:25","modified_gmt":"2018-04-05T15:58:25","slug":"convenio-de-pasantias-con-el-municipio-capitalino","status":"publish","type":"post","link":"https:\/\/filo.unt.edu.ar\/noticias\/2018\/02\/09\/convenio-de-pasantias-con-el-municipio-capitalino\/","title":{"rendered":"Convenio de Pasant\u00edas con el municipio capitalino"},"content":{"rendered":"<div class=\"_5x46 _1yz1 clearfix\">\u00a0El martes 6 de Febrero, la Decana de nuestra Facultad, Dra. Mercedes Leal, recibi\u00f3 en la Sala del Consejo al Secretario de Atenci\u00f3n de Urgencias Sociales de la Municipalidad de San Miguel de Tucum\u00e1n, Federico Masso.<\/div>\n<p><!--more--><\/p>\n<div id=\"js_5tt\" class=\"_5pbx userContent _3576\">\n<p>El motivo de la reuni\u00f3n fue acordar pasant\u00edas para estudiantes de dos carreras de nuestra Casa de Estudios en los programas &#8220;Todos podemos en la ciudad del Bicentenario &#8211; Una Ciudad Libre de Analfabetismo&#8221;, y &#8220;Programa Municipal de Prevenci\u00f3n de la Violencia Contra Las Mujeres&#8221;. Las pasant\u00edas se enmarcan en los programas Municipales de Alfabetizaci\u00f3n y Prevenci\u00f3n en Violencia de G\u00e9nero.<\/p>\n<p>Participaron tambi\u00e9n la Lic. Julia Salda\u00f1o, Coordinadora General de la Secretar\u00eda de Extensi\u00f3n de Filosof\u00eda y Letras, y Ernesto G\u00f3mez Rossi y Laura Carrasco del municipio capitalino.<\/p>\n<p><a href=\"https:\/\/www.facebook.com\/filount\/posts\/595444610791416\" target=\"_blank\" rel=\"noopener\">Ver Fotos.-<\/a><\/p>\n<\/div>\n","protected":false},"excerpt":{"rendered":"<p>\u00a0El martes 6 de Febrero, la Decana de nuestra Facultad, Dra. Mercedes Leal, recibi\u00f3 en la Sala del Consejo al Secretario de Atenci\u00f3n de Urgencias Sociales de la Municipalidad de San Miguel de Tucum\u00e1n, Federico Masso.<\/p>\n","protected":false},"author":101013,"featured_media":2942,"comment_status":"closed","ping_status":"closed","sticky":false,"template":"","format":"standard","meta":{"footnotes":""},"categories":[6],"tags":[],"class_list":{"0":"post-2876","1":"post","2":"type-post","3":"status-publish","4":"format-standard","5":"has-post-thumbnail","6":"hentry","7":"category-extension","9":"post-with-thumbnail","10":"post-with-thumbnail-large"},"_links":{"self":[{"href":"https:\/\/filo.unt.edu.ar\/noticias\/wp-json\/wp\/v2\/posts\/2876","targetHints":{"allow":["GET"]}}],"collection":[{"href":"https:\/\/filo.unt.edu.ar\/noticias\/wp-json\/wp\/v2\/posts"}],"about":[{"href":"https:\/\/filo.unt.edu.ar\/noticias\/wp-json\/wp\/v2\/types\/post"}],"author":[{"embeddable":true,"href":"https:\/\/filo.unt.edu.ar\/noticias\/wp-json\/wp\/v2\/users\/101013"}],"replies":[{"embeddable":true,"href":"https:\/\/filo.unt.edu.ar\/noticias\/wp-json\/wp\/v2\/comments?post=2876"}],"version-history":[{"count":6,"href":"https:\/\/filo.unt.edu.ar\/noticias\/wp-json\/wp\/v2\/posts\/2876\/revisions"}],"predecessor-version":[{"id":3021,"href":"https:\/\/filo.unt.edu.ar\/noticias\/wp-json\/wp\/v2\/posts\/2876\/revisions\/3021"}],"wp:featuredmedia":[{"embeddable":true,"href":"https:\/\/filo.unt.edu.ar\/noticias\/wp-json\/wp\/v2\/media\/2942"}],"wp:attachment":[{"href":"https:\/\/filo.unt.edu.ar\/noticias\/wp-json\/wp\/v2\/media?parent=2876"}],"wp:term":[{"taxonomy":"category","embeddable":true,"href":"https:\/\/filo.unt.edu.ar\/noticias\/wp-json\/wp\/v2\/categories?post=2876"},{"taxonomy":"post_tag","embeddable":true,"href":"https:\/\/filo.unt.edu.ar\/noticias\/wp-json\/wp\/v2\/tags?post=2876"}],"curies":[{"name":"wp","href":"https:\/\/api.w.org\/{rel}","templated":true}]}}