{"id":2378,"date":"2017-11-30T16:56:56","date_gmt":"2017-11-30T19:56:56","guid":{"rendered":"http:\/\/filo.unt.edu.ar\/noticias\/?p=2378"},"modified":"2018-02-20T12:24:15","modified_gmt":"2018-02-20T15:24:15","slug":"jornada-dia-del-geografo","status":"publish","type":"post","link":"https:\/\/filo.unt.edu.ar\/noticias\/2017\/11\/30\/jornada-dia-del-geografo\/","title":{"rendered":"Jornada D\u00eda del Ge\u00f3grafo"},"content":{"rendered":"<p>El 29 de noviembre se realiz\u00f3 la Jornada por el d\u00eda del Ge\u00f3grafo en Homenaje al Prof. Em\u00e9rito de la UNT, Enrique Jos\u00e9 W\u00fcrschmidt, organizado por el Instituto de Estudios Geogr\u00e1ficos \u201cDr. Guillermo Rohmeder\u201d.<!--more--><\/p>\n<p>Participaron del Acto de Apertura el Secretario Acad\u00e9mico, Prof. Sergio Rob\u00edn y la Secretaria de Posgrado e Investigaci\u00f3n, Prof. Norma Ben Altabef, y autoridades del Instituto de Estudios Geogr\u00e1ficos.<\/p>\n<p>La Dra. Clara Calvo, Directora del Departamento de Geograf\u00eda, coment\u00f3 la raz\u00f3n del homenaje al Prof. W\u00fcrschmid \u201cfue un hombre que dej\u00f3 muchas huellas, muchos disc\u00edpulos en la carrera y en el Instituto. Y elegimos el d\u00eda del ge\u00f3grafo para homenajearlo, para recordar todas sus ense\u00f1anzas y an\u00e9cdotas. Realmente ha sido una persona importante para el desarrollo de la geograf\u00eda en nuestra Provincia\u201d<\/p>\n<p>Calvo sostuvo, en el marco de la jornada, que \u201ceste a\u00f1o ha sido muy positivo. Desde que asumimos en mayo con la Prof. F\u00e1tima Figueroa, la \u00a0direcci\u00f3n del Departamento ha logrado concretar actividades, como la jornada de Estudiantes de Geograf\u00eda y numerosos viajes de estudio que son importante para la formaci\u00f3n de los estudiantes\u201d. Y agreg\u00f3 que \u201cel desaf\u00edo para el a\u00f1o 2018 es encontrar la manera para lograr el \u00a0mayor egreso de nuestro estudiantes. Es una preocupaci\u00f3n de los profesores ver d\u00f3nde est\u00e1 el \u00a0obst\u00e1culo. El pr\u00f3ximo a\u00f1o nos vamos a abocar a ello con mucha determinaci\u00f3n\u201d.<\/p>\n<p>Por su parte el Lic. Dar\u00edo Ovejero, del Laboratorio Climatol\u00f3gico Sudamericano, particip\u00f3 en la mesa panel \u201cla geograf\u00eda y el rol de los ge\u00f3grafos en el \u00e1mbito institucional\u201d y sostuvo que \u201cel desaf\u00edo del ge\u00f3grafo es darse cuenta que su trabajo es interdisciplinario. Y que no est\u00e1 cerrado en el \u00e1rea de la geograf\u00eda sino que debe vincularse con otras \u00e1reas del saber y con profesionales de otras carreras\u201d. Y agreg\u00f3 que \u201cla formaci\u00f3n en nuestra Facultad permite insertarse tanto en \u00e1mbitos p\u00fablicos como privados. Incluso somos muy requeridos para viajar al exterior y especializarnos\u201d.<\/p>\n<p>Adem\u00e1s las jornadas fueron el marco para la muestra de posters de proyectos de investigaci\u00f3n a cargo de estudiantes de grado, posgrado y docentes. Incluso se realiz\u00f3 la entrega de reconocimiento a Docentes e Investigadores Jubilados en los \u00faltimos 2 a\u00f1os. La jornada finaliz\u00f3 con un vino de honor en homenaje al Prof. W\u00fcrschmidt.<\/p>\n<p><a href=\"https:\/\/www.facebook.com\/254943048174909\/photos\/?tab=album&amp;album_id=561496710852873\" target=\"_blank\" rel=\"noopener\">Ver Fotos.-<\/a><\/p>\n","protected":false},"excerpt":{"rendered":"<p>El 29 de noviembre se realiz\u00f3 la Jornada por el d\u00eda del Ge\u00f3grafo en Homenaje al Prof. Em\u00e9rito de la UNT, Enrique Jos\u00e9 W\u00fcrschmidt, organizado por el Instituto de Estudios Geogr\u00e1ficos \u201cDr. Guillermo Rohmeder\u201d.<\/p>\n","protected":false},"author":101013,"featured_media":2381,"comment_status":"closed","ping_status":"closed","sticky":false,"template":"","format":"standard","meta":{"footnotes":""},"categories":[6],"tags":[],"class_list":{"0":"post-2378","1":"post","2":"type-post","3":"status-publish","4":"format-standard","5":"has-post-thumbnail","6":"hentry","7":"category-extension","9":"post-with-thumbnail","10":"post-with-thumbnail-large"},"_links":{"self":[{"href":"https:\/\/filo.unt.edu.ar\/noticias\/wp-json\/wp\/v2\/posts\/2378","targetHints":{"allow":["GET"]}}],"collection":[{"href":"https:\/\/filo.unt.edu.ar\/noticias\/wp-json\/wp\/v2\/posts"}],"about":[{"href":"https:\/\/filo.unt.edu.ar\/noticias\/wp-json\/wp\/v2\/types\/post"}],"author":[{"embeddable":true,"href":"https:\/\/filo.unt.edu.ar\/noticias\/wp-json\/wp\/v2\/users\/101013"}],"replies":[{"embeddable":true,"href":"https:\/\/filo.unt.edu.ar\/noticias\/wp-json\/wp\/v2\/comments?post=2378"}],"version-history":[{"count":8,"href":"https:\/\/filo.unt.edu.ar\/noticias\/wp-json\/wp\/v2\/posts\/2378\/revisions"}],"predecessor-version":[{"id":2612,"href":"https:\/\/filo.unt.edu.ar\/noticias\/wp-json\/wp\/v2\/posts\/2378\/revisions\/2612"}],"wp:featuredmedia":[{"embeddable":true,"href":"https:\/\/filo.unt.edu.ar\/noticias\/wp-json\/wp\/v2\/media\/2381"}],"wp:attachment":[{"href":"https:\/\/filo.unt.edu.ar\/noticias\/wp-json\/wp\/v2\/media?parent=2378"}],"wp:term":[{"taxonomy":"category","embeddable":true,"href":"https:\/\/filo.unt.edu.ar\/noticias\/wp-json\/wp\/v2\/categories?post=2378"},{"taxonomy":"post_tag","embeddable":true,"href":"https:\/\/filo.unt.edu.ar\/noticias\/wp-json\/wp\/v2\/tags?post=2378"}],"curies":[{"name":"wp","href":"https:\/\/api.w.org\/{rel}","templated":true}]}}