{"id":2350,"date":"2017-11-17T19:00:54","date_gmt":"2017-11-17T22:00:54","guid":{"rendered":"http:\/\/filo.unt.edu.ar\/noticias\/?p=2350"},"modified":"2017-12-04T17:54:36","modified_gmt":"2017-12-04T20:54:36","slug":"jornada-debates-actuales-en-torno-a-los-ddhh","status":"publish","type":"post","link":"https:\/\/filo.unt.edu.ar\/noticias\/2017\/11\/17\/jornada-debates-actuales-en-torno-a-los-ddhh\/","title":{"rendered":"Jornada \u201cDebates actuales en torno a los DDHH&#8221;"},"content":{"rendered":"<div id=\"js_2sv\" class=\"_5pbx userContent _3576\">\n<p>El 16 de noviembre se llev\u00f3 a cabo la\u00a0<span class=\"_5afx\"><span class=\"_58cm\">Jornada<\/span><\/span>\u00a0\u201cDebates actuales en torno a los\u00a0<span class=\"_5afx\"><span class=\"_58cm\">DDHH<\/span><\/span>: formaci\u00f3n disciplinar-ejercicio profesional\u201d.<!--more--><\/p>\n<p>Considerando la relevancia que tiene acercar formaci\u00f3n acad\u00e9mica y escenarios de desempe\u00f1o cotidiano de los trabajadores sociales, la carrera de Trabajo Social y el Colegio de\u00a0de Profesionales de Trabajo y Servicio Social generaron este espacio de encuentro para trabajar sobre un eje transversal para su campo: los derechos humanos, principio rector del ejercicio profesional y que debe estar presente en las diferentes instancias de formaci\u00f3n.<\/p>\n<p>El trabajo conjunto con el Colegio de Profesionales aporta a esta actividad una posibilidad de articulaci\u00f3n entre lo acad\u00e9mico y el ejercicio profesional, fundamental para las interpelaciones y reflexiones que se procuran establecer desde estos \u00e1mbitos.<\/p>\n<p>En la Mesa de apertura participaron el Vicedecano de nuestra Facultad, Mg. Santiago Bliss, la Directora del Depto. de Trabajo Social, Mg. Mitha Litvak y la Presidenta del Colegio de Profesionales, Lic. Silvia Costas.<\/p>\n<p>Los ejes que se trabajaron son: diversidad sexual, violencia de g\u00e9nero, j\u00f3venes en conflicto con la ley y dictadura. A modo de cierre, se proyect\u00f3 la pel\u00edcula &#8220;Ni un Pibe Menos&#8221; en el Espacio Cultural de Filo.<\/p>\n<\/div>\n<div class=\"_3x-2\">\n<div class=\"mtm\">\n<div class=\"_2a2q\">\n<div class=\"_17zx\">\n<div class=\"_17zy\">\u00a0<a href=\"https:\/\/www.facebook.com\/media\/set\/?set=a.555913971411147.1073741969.254943048174909&amp;type=3\" target=\"_blank\" rel=\"noopener\">Ver Fotos.-<\/a><\/div>\n<\/div>\n<\/div>\n<\/div>\n<\/div>\n","protected":false},"excerpt":{"rendered":"<p>El 16 de noviembre se llev\u00f3 a cabo la\u00a0Jornada\u00a0\u201cDebates actuales en torno a los\u00a0DDHH: formaci\u00f3n disciplinar-ejercicio profesional\u201d.<\/p>\n","protected":false},"author":101013,"featured_media":2387,"comment_status":"closed","ping_status":"closed","sticky":false,"template":"","format":"standard","meta":{"footnotes":""},"categories":[8,6],"tags":[],"class_list":{"0":"post-2350","1":"post","2":"type-post","3":"status-publish","4":"format-standard","5":"has-post-thumbnail","6":"hentry","7":"category-eventos-academicos","8":"category-extension","10":"post-with-thumbnail","11":"post-with-thumbnail-large"},"_links":{"self":[{"href":"https:\/\/filo.unt.edu.ar\/noticias\/wp-json\/wp\/v2\/posts\/2350","targetHints":{"allow":["GET"]}}],"collection":[{"href":"https:\/\/filo.unt.edu.ar\/noticias\/wp-json\/wp\/v2\/posts"}],"about":[{"href":"https:\/\/filo.unt.edu.ar\/noticias\/wp-json\/wp\/v2\/types\/post"}],"author":[{"embeddable":true,"href":"https:\/\/filo.unt.edu.ar\/noticias\/wp-json\/wp\/v2\/users\/101013"}],"replies":[{"embeddable":true,"href":"https:\/\/filo.unt.edu.ar\/noticias\/wp-json\/wp\/v2\/comments?post=2350"}],"version-history":[{"count":5,"href":"https:\/\/filo.unt.edu.ar\/noticias\/wp-json\/wp\/v2\/posts\/2350\/revisions"}],"predecessor-version":[{"id":2386,"href":"https:\/\/filo.unt.edu.ar\/noticias\/wp-json\/wp\/v2\/posts\/2350\/revisions\/2386"}],"wp:featuredmedia":[{"embeddable":true,"href":"https:\/\/filo.unt.edu.ar\/noticias\/wp-json\/wp\/v2\/media\/2387"}],"wp:attachment":[{"href":"https:\/\/filo.unt.edu.ar\/noticias\/wp-json\/wp\/v2\/media?parent=2350"}],"wp:term":[{"taxonomy":"category","embeddable":true,"href":"https:\/\/filo.unt.edu.ar\/noticias\/wp-json\/wp\/v2\/categories?post=2350"},{"taxonomy":"post_tag","embeddable":true,"href":"https:\/\/filo.unt.edu.ar\/noticias\/wp-json\/wp\/v2\/tags?post=2350"}],"curies":[{"name":"wp","href":"https:\/\/api.w.org\/{rel}","templated":true}]}}