{"id":2347,"date":"2017-11-17T19:15:07","date_gmt":"2017-11-17T22:15:07","guid":{"rendered":"http:\/\/filo.unt.edu.ar\/noticias\/?p=2347"},"modified":"2018-02-20T12:19:37","modified_gmt":"2018-02-20T15:19:37","slug":"primer-encuentro-de-las-practicas-preprofesionales-de-trabajo-social","status":"publish","type":"post","link":"https:\/\/filo.unt.edu.ar\/noticias\/2017\/11\/17\/primer-encuentro-de-las-practicas-preprofesionales-de-trabajo-social\/","title":{"rendered":"Primer Encuentro de las Pr\u00e1cticas Preprofesionales de Trabajo Social"},"content":{"rendered":"<p>El mi\u00e9rcoles 15 de noviembre se realiz\u00f3 el Primer Encuentro de las Pr\u00e1cticas pre-profesionales de Trabajo Social. Comenz\u00f3 en el Anf. Elena Rojas con palabras de la Directora del Departamento, Mg. Mirtha Litvak<!--more--><\/p>\n<p>, y las jefas de c\u00e1tedra de las Pr\u00e1cticas &#8220;Recursos de la Comunidad&#8221;, &#8220;Trabajo Social con Grupos y Comunitario&#8221; y &#8220;Trabajo Social Familiar&#8221;, quienes por primera vez en la historia de la carrera organizaron un evento en conjunto. Fue as\u00ed que casi 100 alumnos se dieron cita al encuentro compartiendo cada una de sus experiencias de pr\u00e1ctica de los m\u00e1s diversos modos.<\/p>\n<p>Algunos estudiantes optaron por la exhibici\u00f3n\u00a0de posters, otros armaron el espacio\u00a0<span class=\"text_exposed_show\">\u201cLa Kermes como un recurso\u201d, tambi\u00e9n se proyectaron\u00a0<\/span>videos y se llev\u00f3 adelante un conversatorio. De esta manera los futuros trabajadores sociales dieron a conocer sus experiencias en el SEDRONAR y otros abordajes comunitarios.<\/p>\n<div class=\"text_exposed_show\">\n<p>La intensiva jornada finaliz\u00f3 con la presentaci\u00f3n del proyecto de &#8220;La Murga de Trabajo Social y un cierre art\u00edstico a todo color.<\/p>\n<p><a href=\"https:\/\/www.facebook.com\/media\/set\/?set=a.555883538080857.1073741968.254943048174909&amp;type=3\" target=\"_blank\" rel=\"noopener\">Ver Fotos.-<\/a><\/p>\n<\/div>\n","protected":false},"excerpt":{"rendered":"<p>El mi\u00e9rcoles 15 de noviembre se realiz\u00f3 el Primer Encuentro de las Pr\u00e1cticas pre-profesionales de Trabajo Social. Comenz\u00f3 en el Anf. Elena Rojas con palabras de la Directora del Departamento, Mg. Mirtha Litvak<\/p>\n","protected":false},"author":101013,"featured_media":2348,"comment_status":"closed","ping_status":"closed","sticky":false,"template":"","format":"standard","meta":{"footnotes":""},"categories":[8,6],"tags":[],"class_list":{"0":"post-2347","1":"post","2":"type-post","3":"status-publish","4":"format-standard","5":"has-post-thumbnail","6":"hentry","7":"category-eventos-academicos","8":"category-extension","10":"post-with-thumbnail","11":"post-with-thumbnail-large"},"_links":{"self":[{"href":"https:\/\/filo.unt.edu.ar\/noticias\/wp-json\/wp\/v2\/posts\/2347","targetHints":{"allow":["GET"]}}],"collection":[{"href":"https:\/\/filo.unt.edu.ar\/noticias\/wp-json\/wp\/v2\/posts"}],"about":[{"href":"https:\/\/filo.unt.edu.ar\/noticias\/wp-json\/wp\/v2\/types\/post"}],"author":[{"embeddable":true,"href":"https:\/\/filo.unt.edu.ar\/noticias\/wp-json\/wp\/v2\/users\/101013"}],"replies":[{"embeddable":true,"href":"https:\/\/filo.unt.edu.ar\/noticias\/wp-json\/wp\/v2\/comments?post=2347"}],"version-history":[{"count":5,"href":"https:\/\/filo.unt.edu.ar\/noticias\/wp-json\/wp\/v2\/posts\/2347\/revisions"}],"predecessor-version":[{"id":2604,"href":"https:\/\/filo.unt.edu.ar\/noticias\/wp-json\/wp\/v2\/posts\/2347\/revisions\/2604"}],"wp:featuredmedia":[{"embeddable":true,"href":"https:\/\/filo.unt.edu.ar\/noticias\/wp-json\/wp\/v2\/media\/2348"}],"wp:attachment":[{"href":"https:\/\/filo.unt.edu.ar\/noticias\/wp-json\/wp\/v2\/media?parent=2347"}],"wp:term":[{"taxonomy":"category","embeddable":true,"href":"https:\/\/filo.unt.edu.ar\/noticias\/wp-json\/wp\/v2\/categories?post=2347"},{"taxonomy":"post_tag","embeddable":true,"href":"https:\/\/filo.unt.edu.ar\/noticias\/wp-json\/wp\/v2\/tags?post=2347"}],"curies":[{"name":"wp","href":"https:\/\/api.w.org\/{rel}","templated":true}]}}