{"id":2309,"date":"2017-11-16T17:39:32","date_gmt":"2017-11-16T20:39:32","guid":{"rendered":"http:\/\/filo.unt.edu.ar\/noticias\/?p=2309"},"modified":"2017-12-04T17:59:13","modified_gmt":"2017-12-04T20:59:13","slug":"conferencia-de-ezequiel-adamovsky-en-filosofia-y-letras","status":"publish","type":"post","link":"https:\/\/filo.unt.edu.ar\/noticias\/2017\/11\/16\/conferencia-de-ezequiel-adamovsky-en-filosofia-y-letras\/","title":{"rendered":"Conferencia de Ezequiel Adamovsky en Filosof\u00eda y Letras"},"content":{"rendered":"<p><span style=\"font-weight: 400\">El 14 de Noviembre se llev\u00f3 a cabo la <\/span><span style=\"font-weight: 400\">Conferencia<\/span><span style=\"font-weight: 400\"> \u201cLiberalismo, antiperonismo y antipopulismo ayer y hoy\u201d a cargo del Dr. en Historia, Ezequiel Adamovsky, en el Espacio Cultural de Facultad de Filosof\u00eda y Letras. <\/span><!--more--><\/p>\n<p><span style=\"font-weight: 400\">La conferencia fue organizada por la Secretar\u00eda de Extensi\u00f3n de la Facultad de Filosof\u00eda y Letras en el marco del Ciclo de Conferencias &#8220;Universidad, Pol\u00edtica y Territorio&#8221; del a\u00f1o 2017 . Fue la \u00faltima conferencia del ciclo en el que participaron Pablo Pineau,\u00a0<\/span><span style=\"font-weight: 400\">Mempo Giardinelli, Claudio Suasn\u00e1bar y Adriana Puigr\u00f3ss.<\/span><\/p>\n<p><span style=\"font-weight: 400\">Adamovsky, plante\u00f3 en su conferencia que &#8220;el t\u00e9rmino populismo presenta problemas ya que asocia fen\u00f3menos pol\u00edticos realmente existentes con determinados juicios de valores. Muchas veces se utiliza populismo como sin\u00f3nimo de demagogia, de autoritarismo, de derroche. Es un t\u00e9rmino que se viene usando en los debates p\u00fablicos de una manera que demoniza cualquier expresi\u00f3n pol\u00edtica , idea, doctrina, o agrupaci\u00f3n, que sale de los moldes de la democracia liberal limitada tal como la conocemos&#8221;, y sintetiz\u00f3: &#8220;es un \u00a0concepto que mete en una misma bolsa cosas muy dis\u00edmiles, entre las cuales hay amenazas contra la democracia que son reales, pero tambi\u00e9n b\u00fasquedas o experimentos pol\u00edticos en pos de trascender los sentidos de la profundizaci\u00f3n de la democracia&#8221;.<\/span><\/p>\n<p><span style=\"font-weight: 400\">Sobre la invitaci\u00f3n realizada por la Facultad a participar del cierre del ciclo de conferencias, Ezequiel se mostr\u00f3 muy contento: &#8220;es un honor el estar cerrando este ciclo. Debatiendo en una universidad que da espacio al contacto entre lo acad\u00e9mico y el inter\u00e9s por los debates ciudadanos y la pol\u00edtica actual. No siempre es frecuente en las universidades que haya esta apertura. Me parece celebrable estar aqu\u00ed compartiendo con los tucumanos estas ideas.&#8221;<\/span><\/p>\n<p><span style=\"font-weight: 400\">Por su parte Mercedes Leal, Decana de nuestra Facultad, cont\u00f3 a Pas\u00f3 en Filo que \u201ces un lujo cerrar este ciclo de conferencias con la figura de un acad\u00e9mico como Ezequiel. \u00c9l es reconocido por la seriedad de sus investigaciones y ensayos. Nuestro objetivo como gesti\u00f3n es traer a invitados y abrir al debate p\u00fablico a temas muy sensibles. Es as\u00ed que tuvimos a Puigr\u00f3ss charlando sobre educaci\u00f3n y los proyectos de reformas universitarias. O a Mempo para hablar sobre el papel de los medios, entre tantos otros pensadores.\u201d <\/span><\/p>\n<p><span style=\"font-weight: 400\">Adem\u00e1s, Leal sostuvo la importancia del Espacio Cultural \u201ccomo un espacio planteado desde la universidad p\u00fablica que abre las puertas a la realidad que nos atraviesa como sociedad y que que busca instalar discursos que interpelan la realidad respetando la diversidad de perspectivas que pueden haber\u201d. Y concluy\u00f3: \u201cque la comunidad de Filosof\u00eda y Letras sienta que ha recuperado un espacio cultural donde se puede intervenir e intercambiar conocimientos y vivencias\u201d.<\/span><\/p>\n<p><span style=\"font-weight: 400\">Tambi\u00e9n en \u00a0el marco de la conferencia, Adamovsky present\u00f3 su libro &#8220;El cambio y la impostura&#8221;. La presentaci\u00f3n estuvo a cargo del Mg. Pedro Arturo G\u00f3mez, docente de la Carrera de Ciencias de la Comunicaci\u00f3n y del Mg. Santiago Bliss, vicedecano de nuestra Facultad.<\/span><\/p>\n<p><a href=\"https:\/\/www.facebook.com\/254943048174909\/photos\/?tab=album&amp;album_id=555864428082768\" target=\"_blank\" rel=\"noopener\">Ver Fotos.-<\/a><\/p>\n","protected":false},"excerpt":{"rendered":"<p>El 14 de Noviembre se llev\u00f3 a cabo la Conferencia \u201cLiberalismo, antiperonismo y antipopulismo ayer y hoy\u201d a cargo del Dr. en Historia, Ezequiel Adamovsky, en el Espacio Cultural de Facultad de Filosof\u00eda y Letras.<\/p>\n","protected":false},"author":101013,"featured_media":2319,"comment_status":"closed","ping_status":"closed","sticky":false,"template":"","format":"standard","meta":{"footnotes":""},"categories":[8,6],"tags":[],"class_list":{"0":"post-2309","1":"post","2":"type-post","3":"status-publish","4":"format-standard","5":"has-post-thumbnail","6":"hentry","7":"category-eventos-academicos","8":"category-extension","10":"post-with-thumbnail","11":"post-with-thumbnail-large"},"_links":{"self":[{"href":"https:\/\/filo.unt.edu.ar\/noticias\/wp-json\/wp\/v2\/posts\/2309","targetHints":{"allow":["GET"]}}],"collection":[{"href":"https:\/\/filo.unt.edu.ar\/noticias\/wp-json\/wp\/v2\/posts"}],"about":[{"href":"https:\/\/filo.unt.edu.ar\/noticias\/wp-json\/wp\/v2\/types\/post"}],"author":[{"embeddable":true,"href":"https:\/\/filo.unt.edu.ar\/noticias\/wp-json\/wp\/v2\/users\/101013"}],"replies":[{"embeddable":true,"href":"https:\/\/filo.unt.edu.ar\/noticias\/wp-json\/wp\/v2\/comments?post=2309"}],"version-history":[{"count":4,"href":"https:\/\/filo.unt.edu.ar\/noticias\/wp-json\/wp\/v2\/posts\/2309\/revisions"}],"predecessor-version":[{"id":2398,"href":"https:\/\/filo.unt.edu.ar\/noticias\/wp-json\/wp\/v2\/posts\/2309\/revisions\/2398"}],"wp:featuredmedia":[{"embeddable":true,"href":"https:\/\/filo.unt.edu.ar\/noticias\/wp-json\/wp\/v2\/media\/2319"}],"wp:attachment":[{"href":"https:\/\/filo.unt.edu.ar\/noticias\/wp-json\/wp\/v2\/media?parent=2309"}],"wp:term":[{"taxonomy":"category","embeddable":true,"href":"https:\/\/filo.unt.edu.ar\/noticias\/wp-json\/wp\/v2\/categories?post=2309"},{"taxonomy":"post_tag","embeddable":true,"href":"https:\/\/filo.unt.edu.ar\/noticias\/wp-json\/wp\/v2\/tags?post=2309"}],"curies":[{"name":"wp","href":"https:\/\/api.w.org\/{rel}","templated":true}]}}