{"id":2281,"date":"2017-11-13T12:13:39","date_gmt":"2017-11-13T15:13:39","guid":{"rendered":"http:\/\/filo.unt.edu.ar\/noticias\/?p=2281"},"modified":"2017-12-04T17:58:31","modified_gmt":"2017-12-04T20:58:31","slug":"iv-jornadas-regionales-de-estudiantes-de-geografia","status":"publish","type":"post","link":"https:\/\/filo.unt.edu.ar\/noticias\/2017\/11\/13\/iv-jornadas-regionales-de-estudiantes-de-geografia\/","title":{"rendered":"IV Jornadas Regionales de Estudiantes de Geograf\u00eda"},"content":{"rendered":"<p><span style=\"font-weight: 400\">El 9 y 10 de Noviembre se realizaron las IV Jornadas Regionales de Estudiantes de Geograf\u00eda en el Espacio Cultural de nuestra Facultad. Las mismas, contaron con la participaci\u00f3n de m\u00e1s de 150 j\u00f3venes estudiantes de diferentes Institutos de Formaci\u00f3n Superior de la provincia de Tucum\u00e1n, de Salta, Jujuy y provincia de Buenos Aires.<\/span><!--more--><\/p>\n<p><span style=\"font-weight: 400\">Las jornadas, organizadas por una comisi\u00f3n integrada por estudiantes y docentes de la Carrera de Geograf\u00eda de nuestra casa de altos estudios, <\/span><i><span style=\"font-weight: 400\">\u201cbuscan generar un espacio de formaci\u00f3n, discusi\u00f3n, intercambio y reflexi\u00f3n sobre diferentes problem\u00e1ticas geogr\u00e1ficas y de las trayectorias de los estudiantes de Geograf\u00eda en instituciones de gesti\u00f3n universitaria y no universitaria en el contexto de la regi\u00f3n noroeste de la Argentina\u201d.<\/span><\/i><\/p>\n<p><span style=\"font-weight: 400\">El acto de apertura cont\u00f3 con la presencia de la Lic. Julia Salda\u00f1o, Secretar\u00eda de Extensi\u00f3n de la Facultad de Filosof\u00eda y Letras, la Dra. Clara Calvo, Directora del Departamento de Geograf\u00eda y el estudiante Fabio Navarro, presidente de las jornadas por los estudiantes.<\/span><\/p>\n<p><b>Julia Salda\u00f1o <\/b><span style=\"font-weight: 400\">sostuvo<\/span> <span style=\"font-weight: 400\">que <\/span><i><span style=\"font-weight: 400\">\u201cdesde la gesti\u00f3n apoyamos estas iniciativas estudiantiles porque construyen espacios que no s\u00f3lo sirven para la formaci\u00f3n, el debate y la problematizaci\u00f3n de temas \u00a0que tienen que ver con la disciplina, sino que adem\u00e1s son espacios de mucha camarader\u00eda entre docentes y estudiantes que superan el aula misma\u201d.<\/span><\/i><span style=\"font-weight: 400\"> Y concluy\u00f3: <\/span><i><span style=\"font-weight: 400\">\u201cojal\u00e1 que el pr\u00f3ximo a\u00f1o seamos nuevamente sede de estas hermosas jornadas de estudiantes de Geograf\u00eda\u201d.<\/span><\/i><\/p>\n<p><span style=\"font-weight: 400\">Por su parte, <\/span><b>la Dra. Clara Calvo <\/b><span style=\"font-weight: 400\">enfatiz\u00f3 que <\/span><i><span style=\"font-weight: 400\">\u201cestos espacios acad\u00e9micos permiten de alguna manera materializar lo expresado por la Ley de Educaci\u00f3n Nacional N\u00ba 26.206 que expresa que <\/span><\/i><b><i>la educaci\u00f3n y el conocimiento son un bien p\u00fablico y un derecho personal y social, garantizados por el Estado<\/i><\/b><i><span style=\"font-weight: 400\">\u201d. <\/span><\/i><span style=\"font-weight: 400\">Y agreg\u00f3 que los estudiantes de geograf\u00eda <\/span><i><span style=\"font-weight: 400\">\u201cson esa sangre joven, transformadora, la que mejor representa las proyecciones de un futuro mejor para nuestra sociedad.\u201d <\/span><\/i><span style=\"font-weight: 400\">Y agradeci\u00f3 a los profesores del Departamento de Geograf\u00eda que se involucraron en las jornadas y muy especialmente al <\/span><b>Prof. Pedro Valdez<\/b><span style=\"font-weight: 400\">, coordinador de las jornadas, como <\/span><i><span style=\"font-weight: 400\">\u201cel verdadero art\u00edfice, capit\u00e1n y l\u00edder de que se lleven adelante las jornadas\u201d.<\/span><\/i><\/p>\n<p><i><span style=\"font-weight: 400\">\u201cSolidaridad, compa\u00f1erismo, cooperativismo, son s\u00f3lo algunos de los valores que ponemos en pr\u00e1ctica los estudiantes cuando trabajamos en conjunto\u201d<\/span><\/i><span style=\"font-weight: 400\"> destac\u00f3 <\/span><b>Fabio Navarro,<\/b><span style=\"font-weight: 400\"> refiri\u00e9ndose al trabajo realizado por sus pares. \u00a0Asimismo, subray\u00f3 <\/span><i><span style=\"font-weight: 400\">\u201csentirse orgulloso de ser parte de una juventud movilizada por el amor al conocimiento de la geograf\u00eda\u201d.<\/span><\/i><\/p>\n<p><span style=\"font-weight: 400\">Luego del acto de apertura se llev\u00f3 a cabo la conferencia inaugural a cargo del Dr. <\/span><b>Pablo Cristian Paolasso<\/b><span style=\"font-weight: 400\"> que abord\u00f3 la \u201cDesigualdad y fragmentaci\u00f3n Territorial en Argentina\u201d. La jornada continu\u00f3 durante el jueves con obras de teatro y recepci\u00f3n de bienvenida, para finalizar el d\u00eda viernes con ponencias, proyecciones de videos y cine debate.<\/span><\/p>\n<p><a href=\"https:\/\/www.facebook.com\/media\/set\/?set=a.552845728384638.1073741966.254943048174909&amp;type=3\" target=\"_blank\" rel=\"noopener\">Ver Fotos.-<\/a><\/p>\n","protected":false},"excerpt":{"rendered":"<p>El 9 y 10 de Noviembre se realizaron las IV Jornadas Regionales de Estudiantes de Geograf\u00eda en el Espacio Cultural de nuestra Facultad. Las mismas, contaron con la participaci\u00f3n de m\u00e1s de 150 j\u00f3venes estudiantes de diferentes Institutos de Formaci\u00f3n Superior de la provincia de Tucum\u00e1n, de Salta, Jujuy y [&hellip;]<\/p>\n","protected":false},"author":101013,"featured_media":2337,"comment_status":"closed","ping_status":"closed","sticky":false,"template":"","format":"standard","meta":{"footnotes":""},"categories":[8],"tags":[],"class_list":{"0":"post-2281","1":"post","2":"type-post","3":"status-publish","4":"format-standard","5":"has-post-thumbnail","6":"hentry","7":"category-eventos-academicos","9":"post-with-thumbnail","10":"post-with-thumbnail-large"},"_links":{"self":[{"href":"https:\/\/filo.unt.edu.ar\/noticias\/wp-json\/wp\/v2\/posts\/2281","targetHints":{"allow":["GET"]}}],"collection":[{"href":"https:\/\/filo.unt.edu.ar\/noticias\/wp-json\/wp\/v2\/posts"}],"about":[{"href":"https:\/\/filo.unt.edu.ar\/noticias\/wp-json\/wp\/v2\/types\/post"}],"author":[{"embeddable":true,"href":"https:\/\/filo.unt.edu.ar\/noticias\/wp-json\/wp\/v2\/users\/101013"}],"replies":[{"embeddable":true,"href":"https:\/\/filo.unt.edu.ar\/noticias\/wp-json\/wp\/v2\/comments?post=2281"}],"version-history":[{"count":3,"href":"https:\/\/filo.unt.edu.ar\/noticias\/wp-json\/wp\/v2\/posts\/2281\/revisions"}],"predecessor-version":[{"id":2395,"href":"https:\/\/filo.unt.edu.ar\/noticias\/wp-json\/wp\/v2\/posts\/2281\/revisions\/2395"}],"wp:featuredmedia":[{"embeddable":true,"href":"https:\/\/filo.unt.edu.ar\/noticias\/wp-json\/wp\/v2\/media\/2337"}],"wp:attachment":[{"href":"https:\/\/filo.unt.edu.ar\/noticias\/wp-json\/wp\/v2\/media?parent=2281"}],"wp:term":[{"taxonomy":"category","embeddable":true,"href":"https:\/\/filo.unt.edu.ar\/noticias\/wp-json\/wp\/v2\/categories?post=2281"},{"taxonomy":"post_tag","embeddable":true,"href":"https:\/\/filo.unt.edu.ar\/noticias\/wp-json\/wp\/v2\/tags?post=2281"}],"curies":[{"name":"wp","href":"https:\/\/api.w.org\/{rel}","templated":true}]}}