{"id":227,"date":"2016-09-02T09:50:20","date_gmt":"2016-09-02T12:50:20","guid":{"rendered":"http:\/\/filo.unt.edu.ar\/noticias\/?p=227"},"modified":"2016-09-06T12:38:09","modified_gmt":"2016-09-06T15:38:09","slug":"el-consejo-directivo-se-pronuncio-respecto-de-el-ingreso-irrestricto-a-la-universidad-publica","status":"publish","type":"post","link":"https:\/\/filo.unt.edu.ar\/noticias\/2016\/09\/02\/el-consejo-directivo-se-pronuncio-respecto-de-el-ingreso-irrestricto-a-la-universidad-publica\/","title":{"rendered":"El Consejo directivo se pronunci\u00f3 respecto del Ingreso Irrestricto a la Universidad P\u00fablica"},"content":{"rendered":"<div id=\"pl-227\"  class=\"panel-layout\"><div id=\"pg-227-0\"  class=\"panel-grid panel-no-style\"><div id=\"pgc-227-0-0\"  class=\"panel-grid-cell\"><div id=\"panel-227-0-0-0\" class=\"so-panel widget widget_black-studio-tinymce widget_black_studio_tinymce panel-first-child panel-last-child\" data-index=\"0\"><div class=\"textwidget\"><p>El 25 de agosto de 2016 el Consejo Directivo de la Facultad de Filosof\u00eda y Letras firm\u00f3 un <a href=\"http:\/\/filo.unt.edu.ar\/blog\/2016\/08\/26\/ingreso-irrestricto-a-la-universidad-publica-pronunciamiento-del-consejo-directivo-de-la-facultad-de-filosofia-y-letras\/\" target=\"_blank\">pronunciamiento<\/a>\u00a0en el que manifest\u00f3 su \"satisfacci\u00f3n porque a dos a\u00f1os de cumplirse el Centenario de la Reforma Universitaria, orgullo de los argentinos y modelo de pol\u00edtica universitaria para Latinoam\u00e9rica, la UNT en sesi\u00f3n de la Honorable Asamblea Universitaria para la reforma del Estatuto, ratifica uno de sus principios fundamentales: el Ingreso Irrestricto a la universidad p\u00fablica. De este modo, tambi\u00e9n da garant\u00edas de que el Derecho a la Educaci\u00f3n en todos sus niveles, incluido el Superior, no constituye una abstracci\u00f3n sino una realidad auspiciosa de mayor democratizaci\u00f3n de la educaci\u00f3n\".<br \/>\n<\/p><\/div><\/div><\/div><\/div><\/div><p><a class=\"more-link\" href=\"https:\/\/filo.unt.edu.ar\/noticias\/2016\/09\/02\/el-consejo-directivo-se-pronuncio-respecto-de-el-ingreso-irrestricto-a-la-universidad-publica\/\">Continuar leyendo<span class=\"meta-nav\">&rarr;<\/span><\/a><\/p>","protected":false},"excerpt":{"rendered":"<p>El 25 de agosto de 2016 el Consejo Directivo de la Facultad de Filosof\u00eda y Letras firm\u00f3 un pronunciamiento\u00a0en el que manifest\u00f3 su &#8220;satisfacci\u00f3n porque a dos a\u00f1os de cumplirse el Centenario de la Reforma Universitaria, orgullo de los argentinos y modelo de pol\u00edtica universitaria para Latinoam\u00e9rica, la UNT en [&hellip;]<\/p>\n","protected":false},"author":3,"featured_media":246,"comment_status":"closed","ping_status":"closed","sticky":false,"template":"","format":"standard","meta":{"footnotes":""},"categories":[10],"tags":[],"class_list":{"0":"post-227","1":"post","2":"type-post","3":"status-publish","4":"format-standard","5":"has-post-thumbnail","6":"hentry","7":"category-consejo","9":"post-with-thumbnail","10":"post-with-thumbnail-large"},"_links":{"self":[{"href":"https:\/\/filo.unt.edu.ar\/noticias\/wp-json\/wp\/v2\/posts\/227","targetHints":{"allow":["GET"]}}],"collection":[{"href":"https:\/\/filo.unt.edu.ar\/noticias\/wp-json\/wp\/v2\/posts"}],"about":[{"href":"https:\/\/filo.unt.edu.ar\/noticias\/wp-json\/wp\/v2\/types\/post"}],"author":[{"embeddable":true,"href":"https:\/\/filo.unt.edu.ar\/noticias\/wp-json\/wp\/v2\/users\/3"}],"replies":[{"embeddable":true,"href":"https:\/\/filo.unt.edu.ar\/noticias\/wp-json\/wp\/v2\/comments?post=227"}],"version-history":[{"count":6,"href":"https:\/\/filo.unt.edu.ar\/noticias\/wp-json\/wp\/v2\/posts\/227\/revisions"}],"predecessor-version":[{"id":278,"href":"https:\/\/filo.unt.edu.ar\/noticias\/wp-json\/wp\/v2\/posts\/227\/revisions\/278"}],"wp:featuredmedia":[{"embeddable":true,"href":"https:\/\/filo.unt.edu.ar\/noticias\/wp-json\/wp\/v2\/media\/246"}],"wp:attachment":[{"href":"https:\/\/filo.unt.edu.ar\/noticias\/wp-json\/wp\/v2\/media?parent=227"}],"wp:term":[{"taxonomy":"category","embeddable":true,"href":"https:\/\/filo.unt.edu.ar\/noticias\/wp-json\/wp\/v2\/categories?post=227"},{"taxonomy":"post_tag","embeddable":true,"href":"https:\/\/filo.unt.edu.ar\/noticias\/wp-json\/wp\/v2\/tags?post=227"}],"curies":[{"name":"wp","href":"https:\/\/api.w.org\/{rel}","templated":true}]}}