{"id":2137,"date":"2017-10-23T15:00:09","date_gmt":"2017-10-23T18:00:09","guid":{"rendered":"http:\/\/filo.unt.edu.ar\/noticias\/?p=2137"},"modified":"2017-11-03T12:22:07","modified_gmt":"2017-11-03T15:22:07","slug":"vi-congreso-antropologia-siglo-xxi-cruce-de-saberes-identidad-inclusion-exclusion","status":"publish","type":"post","link":"https:\/\/filo.unt.edu.ar\/noticias\/2017\/10\/23\/vi-congreso-antropologia-siglo-xxi-cruce-de-saberes-identidad-inclusion-exclusion\/","title":{"rendered":"VI Congreso Antropolog\u00eda Siglo XXI: Cruce de saberes. Identidad, inclusi\u00f3n, exclusi\u00f3n"},"content":{"rendered":"<p>Durante el 19 y 20 de Octubre, en el Centro Cultural Roug\u00e9s, se realiz\u00f3 el <em>VI Congreso Antropolog\u00eda Siglo XXI: Cruce de saberes. Identidad, inclusi\u00f3n, exclusi\u00f3n<\/em>.<!--more--><\/p>\n<p>Las palabras de apertura estuvieron a cargo del Vicedecano de la Facultad, Mg. Santiago Bliss, y la Directora del Instituto de Estudios Antropol\u00f3gicos y Filosof\u00eda de la Religi\u00f3n, Dra. Cristina Bosso. La conferencia inaugural la brind\u00f3 el Dr. Ra\u00fal Nader, fundador del Instituto, y el tema fue la relaci\u00f3n entre el lenguaje y la identidad.<\/p>\n<p>El evento estuvo organizado por el Instituto de Estudios Antropol\u00f3gicos y Filosof\u00eda de la Religi\u00f3n de nuestra Facultad y como en los simposios anteriores, buscaron promover di\u00e1logos interdisciplinarios desde m\u00faltiples \u00e1mbitos del saber sobre temas de actualidad. Este Congreso mantuvo el eje tem\u00e1tico que se viene trabajando en los anteriores encuentros &#8220;identidad, inclusi\u00f3n, exclusi\u00f3n&#8221;, considerados temas<span class=\"text_exposed_show\">\u00a0de gran inter\u00e9s y actualidad.<\/span><\/p>\n<p><a href=\"https:\/\/www.facebook.com\/filount\/posts\/543367519332459\" target=\"_blank\" rel=\"noopener\">Ver Fotos.-<\/a><\/p>\n","protected":false},"excerpt":{"rendered":"<p>Durante el 19 y 20 de Octubre, en el Centro Cultural Roug\u00e9s, se realiz\u00f3 el VI Congreso Antropolog\u00eda Siglo XXI: Cruce de saberes. Identidad, inclusi\u00f3n, exclusi\u00f3n.<\/p>\n","protected":false},"author":101013,"featured_media":2233,"comment_status":"closed","ping_status":"closed","sticky":false,"template":"","format":"standard","meta":{"footnotes":""},"categories":[8,6],"tags":[],"class_list":{"0":"post-2137","1":"post","2":"type-post","3":"status-publish","4":"format-standard","5":"has-post-thumbnail","6":"hentry","7":"category-eventos-academicos","8":"category-extension","10":"post-with-thumbnail","11":"post-with-thumbnail-large"},"_links":{"self":[{"href":"https:\/\/filo.unt.edu.ar\/noticias\/wp-json\/wp\/v2\/posts\/2137","targetHints":{"allow":["GET"]}}],"collection":[{"href":"https:\/\/filo.unt.edu.ar\/noticias\/wp-json\/wp\/v2\/posts"}],"about":[{"href":"https:\/\/filo.unt.edu.ar\/noticias\/wp-json\/wp\/v2\/types\/post"}],"author":[{"embeddable":true,"href":"https:\/\/filo.unt.edu.ar\/noticias\/wp-json\/wp\/v2\/users\/101013"}],"replies":[{"embeddable":true,"href":"https:\/\/filo.unt.edu.ar\/noticias\/wp-json\/wp\/v2\/comments?post=2137"}],"version-history":[{"count":6,"href":"https:\/\/filo.unt.edu.ar\/noticias\/wp-json\/wp\/v2\/posts\/2137\/revisions"}],"predecessor-version":[{"id":2232,"href":"https:\/\/filo.unt.edu.ar\/noticias\/wp-json\/wp\/v2\/posts\/2137\/revisions\/2232"}],"wp:featuredmedia":[{"embeddable":true,"href":"https:\/\/filo.unt.edu.ar\/noticias\/wp-json\/wp\/v2\/media\/2233"}],"wp:attachment":[{"href":"https:\/\/filo.unt.edu.ar\/noticias\/wp-json\/wp\/v2\/media?parent=2137"}],"wp:term":[{"taxonomy":"category","embeddable":true,"href":"https:\/\/filo.unt.edu.ar\/noticias\/wp-json\/wp\/v2\/categories?post=2137"},{"taxonomy":"post_tag","embeddable":true,"href":"https:\/\/filo.unt.edu.ar\/noticias\/wp-json\/wp\/v2\/tags?post=2137"}],"curies":[{"name":"wp","href":"https:\/\/api.w.org\/{rel}","templated":true}]}}