{"id":2065,"date":"2017-09-06T11:58:52","date_gmt":"2017-09-06T14:58:52","guid":{"rendered":"http:\/\/filo.unt.edu.ar\/noticias\/?p=2065"},"modified":"2017-10-04T16:09:02","modified_gmt":"2017-10-04T19:09:02","slug":"primeras-jornadas-regionales-de-educacion","status":"publish","type":"post","link":"https:\/\/filo.unt.edu.ar\/noticias\/2017\/09\/06\/primeras-jornadas-regionales-de-educacion\/","title":{"rendered":"Primeras Jornadas Regionales de Educaci\u00f3n"},"content":{"rendered":"<p>&#8220;Dif\u00edcilmente produce grandes cosas el hombre aislado; su genio, su car\u00e1cter, su talento, todo permanece circunscripto al c\u00edrculo de s\u00ed mismo, y s\u00f3lo en la uni\u00f3n con sus semejantes descubre lo que es en s\u00ed, y lo que puede influir en ellos&#8221;. <!--more--><\/p>\n<p>Con esta frase de Bernardo de Monteagudo, pensador, periodista y pol\u00edtico tucumano, la Comisi\u00f3n Organizadora de las <em>I Jornadas de Estudiantes de Ciencias de la Educaci\u00f3n<\/em>, invit\u00f3 a estudiantes, trabajadores de la educaci\u00f3n y p\u00fablico en general a participar de este evento acad\u00e9mico y educativo. Las mismas se llevaron a cabo del 31 de Agosto al 2 de Septiembre en nuestra Facultad.<\/p>\n<p>El objetivo de las Jornadas fue pensar el pasado, el presente y el futuro de la educaci\u00f3n, desde la comunidad educativa en su conjunto, desde la diversidad disciplinar y el encuentro de distintas voces en un mismo espacio, con la convicci\u00f3n de que es necesario el encuentro para construir a partir del di\u00e1logo y de la participaci\u00f3n.<\/p>\n<p>Las actividades propiciaron la reflexi\u00f3n con el fin de defender la educaci\u00f3n p\u00fablica y reivindicar los valores que construyen sus disciplinas. El debate fue tambi\u00e9n un acto de memoria por quienes no est\u00e1n y deber\u00edan haber estado &#8220;por sus maestrxs del viento: Isauro Arancibia, Marina Vilte, Eduardo Requena y Carlos Fuentealba&#8221;. Los organizadores plantearon hacer las jornadas &#8220;desde la llanura de sus necesidades y problem\u00e1ticas y no desde una academia desinteresada y alejada&#8221;, se propusieron como un acto intelectual y colectivo, como un ejercicio de democracia del pensamiento y libertad. &#8220;Reflexionar y debatir para transformar el mundo, que no es locura ni utop\u00eda, sino un acto de justicia&#8221;<\/p>\n<p>La Mesa Panel inaugural fue la <em>Situaci\u00f3n Actual en la Educaci\u00f3n Tucumana y Argentina<\/em> y los panelistas a cargo fueron Daniel Y\u00e9pez, Bernardo Beltr\u00e1n y Juan Pablo Lichtmajer, bajo la moderaci\u00f3n de Emmanuel Montivero.<\/p>\n<p>En el marco de las Jornadas, el especialista en Ciencias de la Educaci\u00f3n, Juan Pablo Pineau, brind\u00f3 la conferencia <em>La crisis educativa como eje de las pol\u00edticas educativas. Una mirada en la historia reciente<\/em>.<\/p>\n<p><a href=\"https:\/\/www.facebook.com\/254943048174909\/photos\/?tab=album&amp;album_id=525835891085622\" target=\"_blank\" rel=\"noopener\">Ver Fotos.-<\/a><\/p>\n","protected":false},"excerpt":{"rendered":"<p>&#8220;Dif\u00edcilmente produce grandes cosas el hombre aislado; su genio, su car\u00e1cter, su talento, todo permanece circunscripto al c\u00edrculo de s\u00ed mismo, y s\u00f3lo en la uni\u00f3n con sus semejantes descubre lo que es en s\u00ed, y lo que puede influir en ellos&#8221;.<\/p>\n","protected":false},"author":101013,"featured_media":2068,"comment_status":"closed","ping_status":"closed","sticky":false,"template":"","format":"standard","meta":{"footnotes":""},"categories":[8,6],"tags":[],"class_list":{"0":"post-2065","1":"post","2":"type-post","3":"status-publish","4":"format-standard","5":"has-post-thumbnail","6":"hentry","7":"category-eventos-academicos","8":"category-extension","10":"post-with-thumbnail","11":"post-with-thumbnail-large"},"_links":{"self":[{"href":"https:\/\/filo.unt.edu.ar\/noticias\/wp-json\/wp\/v2\/posts\/2065","targetHints":{"allow":["GET"]}}],"collection":[{"href":"https:\/\/filo.unt.edu.ar\/noticias\/wp-json\/wp\/v2\/posts"}],"about":[{"href":"https:\/\/filo.unt.edu.ar\/noticias\/wp-json\/wp\/v2\/types\/post"}],"author":[{"embeddable":true,"href":"https:\/\/filo.unt.edu.ar\/noticias\/wp-json\/wp\/v2\/users\/101013"}],"replies":[{"embeddable":true,"href":"https:\/\/filo.unt.edu.ar\/noticias\/wp-json\/wp\/v2\/comments?post=2065"}],"version-history":[{"count":6,"href":"https:\/\/filo.unt.edu.ar\/noticias\/wp-json\/wp\/v2\/posts\/2065\/revisions"}],"predecessor-version":[{"id":2096,"href":"https:\/\/filo.unt.edu.ar\/noticias\/wp-json\/wp\/v2\/posts\/2065\/revisions\/2096"}],"wp:featuredmedia":[{"embeddable":true,"href":"https:\/\/filo.unt.edu.ar\/noticias\/wp-json\/wp\/v2\/media\/2068"}],"wp:attachment":[{"href":"https:\/\/filo.unt.edu.ar\/noticias\/wp-json\/wp\/v2\/media?parent=2065"}],"wp:term":[{"taxonomy":"category","embeddable":true,"href":"https:\/\/filo.unt.edu.ar\/noticias\/wp-json\/wp\/v2\/categories?post=2065"},{"taxonomy":"post_tag","embeddable":true,"href":"https:\/\/filo.unt.edu.ar\/noticias\/wp-json\/wp\/v2\/tags?post=2065"}],"curies":[{"name":"wp","href":"https:\/\/api.w.org\/{rel}","templated":true}]}}