{"id":205,"date":"2016-09-02T07:04:33","date_gmt":"2016-09-02T10:04:33","guid":{"rendered":"http:\/\/filo.unt.edu.ar\/noticias\/?p=205"},"modified":"2016-09-06T12:35:26","modified_gmt":"2016-09-06T15:35:26","slug":"ix-jornadas-de-historia-moderna-y-contemporanea","status":"publish","type":"post","link":"https:\/\/filo.unt.edu.ar\/noticias\/2016\/09\/02\/ix-jornadas-de-historia-moderna-y-contemporanea\/","title":{"rendered":"IX Jornadas de Historia Moderna y Contempor\u00e1nea"},"content":{"rendered":"<div id=\"pl-205\"  class=\"panel-layout\"><div id=\"pg-205-0\"  class=\"panel-grid panel-no-style\"><div id=\"pgc-205-0-0\"  class=\"panel-grid-cell\"><div id=\"panel-205-0-0-0\" class=\"so-panel widget widget_black-studio-tinymce widget_black_studio_tinymce panel-first-child panel-last-child\" data-index=\"0\"><div class=\"textwidget\"><p>Del 10 al 12 de agosto se llevaron a cabo las <em>IX Jornadas de Historia Moderna y Contempor\u00e1nea <\/em>organizadas por las C\u00e1tedras de Historia Moderna e Historia Contempor\u00e1nea de la Facultad.<br \/>\n<\/p><\/div><\/div><\/div><\/div><\/div><p><a class=\"more-link\" href=\"https:\/\/filo.unt.edu.ar\/noticias\/2016\/09\/02\/ix-jornadas-de-historia-moderna-y-contemporanea\/\">Continuar leyendo<span class=\"meta-nav\">&rarr;<\/span><\/a><\/p>","protected":false},"excerpt":{"rendered":"<p>Del 10 al 12 de agosto se llevaron a cabo las IX Jornadas de Historia Moderna y Contempor\u00e1nea organizadas por las C\u00e1tedras de Historia Moderna e Historia Contempor\u00e1nea de la Facultad. Estos encuentros acad\u00e9micos se vienen desarrollando, en diferentes universidades argentinas, desde su primera edici\u00f3n en Tucum\u00e1n (1999), con la [&hellip;]<\/p>\n","protected":false},"author":3,"featured_media":247,"comment_status":"closed","ping_status":"closed","sticky":false,"template":"","format":"standard","meta":{"footnotes":""},"categories":[8],"tags":[],"class_list":{"0":"post-205","1":"post","2":"type-post","3":"status-publish","4":"format-standard","5":"has-post-thumbnail","6":"hentry","7":"category-eventos-academicos","9":"post-with-thumbnail","10":"post-with-thumbnail-large"},"_links":{"self":[{"href":"https:\/\/filo.unt.edu.ar\/noticias\/wp-json\/wp\/v2\/posts\/205","targetHints":{"allow":["GET"]}}],"collection":[{"href":"https:\/\/filo.unt.edu.ar\/noticias\/wp-json\/wp\/v2\/posts"}],"about":[{"href":"https:\/\/filo.unt.edu.ar\/noticias\/wp-json\/wp\/v2\/types\/post"}],"author":[{"embeddable":true,"href":"https:\/\/filo.unt.edu.ar\/noticias\/wp-json\/wp\/v2\/users\/3"}],"replies":[{"embeddable":true,"href":"https:\/\/filo.unt.edu.ar\/noticias\/wp-json\/wp\/v2\/comments?post=205"}],"version-history":[{"count":4,"href":"https:\/\/filo.unt.edu.ar\/noticias\/wp-json\/wp\/v2\/posts\/205\/revisions"}],"predecessor-version":[{"id":273,"href":"https:\/\/filo.unt.edu.ar\/noticias\/wp-json\/wp\/v2\/posts\/205\/revisions\/273"}],"wp:featuredmedia":[{"embeddable":true,"href":"https:\/\/filo.unt.edu.ar\/noticias\/wp-json\/wp\/v2\/media\/247"}],"wp:attachment":[{"href":"https:\/\/filo.unt.edu.ar\/noticias\/wp-json\/wp\/v2\/media?parent=205"}],"wp:term":[{"taxonomy":"category","embeddable":true,"href":"https:\/\/filo.unt.edu.ar\/noticias\/wp-json\/wp\/v2\/categories?post=205"},{"taxonomy":"post_tag","embeddable":true,"href":"https:\/\/filo.unt.edu.ar\/noticias\/wp-json\/wp\/v2\/tags?post=205"}],"curies":[{"name":"wp","href":"https:\/\/api.w.org\/{rel}","templated":true}]}}