{"id":1889,"date":"2017-09-29T10:40:45","date_gmt":"2017-09-29T13:40:45","guid":{"rendered":"http:\/\/filo.unt.edu.ar\/noticias\/?p=1889"},"modified":"2017-09-29T22:38:05","modified_gmt":"2017-09-30T01:38:05","slug":"cafe-literario-y-cultural-del-virla","status":"publish","type":"post","link":"https:\/\/filo.unt.edu.ar\/noticias\/2017\/09\/29\/cafe-literario-y-cultural-del-virla\/","title":{"rendered":"Caf\u00e9 literario y Cultural del Virla"},"content":{"rendered":"<div id=\"pl-1889\"  class=\"panel-layout\"><div id=\"pg-1889-0\"  class=\"panel-grid panel-no-style\"><div id=\"pgc-1889-0-0\"  class=\"panel-grid-cell\"><div id=\"panel-1889-0-0-0\" class=\"so-panel widget widget_black-studio-tinymce widget_black_studio_tinymce panel-first-child panel-last-child\" data-index=\"0\"><div class=\"textwidget\"><p>Como preludio de la Semana Cultural, el s\u00e1bado 16, a las 19 hs., se llev\u00f3 a cabo una nueva edici\u00f3n del Caf\u00e9 literario y Cultural del Virla. Esta vez fue el marco para la presentaci\u00f3n del libro <em>Ni\u00f1a de Humo<\/em> de Sylvina Bach.<\/p><\/div><\/div><\/div><\/div><\/div><p><a class=\"more-link\" href=\"https:\/\/filo.unt.edu.ar\/noticias\/2017\/09\/29\/cafe-literario-y-cultural-del-virla\/\">Continuar leyendo<span class=\"meta-nav\">&rarr;<\/span><\/a><\/p>","protected":false},"excerpt":{"rendered":"<p>Como preludio de la Semana Cultural, el s\u00e1bado 16, a las 19 hs., se llev\u00f3 a cabo una nueva edici\u00f3n del Caf\u00e9 literario y Cultural del Virla. Esta vez fue el marco para la presentaci\u00f3n del libro Ni\u00f1a de Humo de Sylvina Bach.La sala del subsuelo desbordaba de gente y [&hellip;]<\/p>\n","protected":false},"author":3,"featured_media":1944,"comment_status":"closed","ping_status":"closed","sticky":false,"template":"","format":"standard","meta":{"footnotes":""},"categories":[6,13],"tags":[],"class_list":{"0":"post-1889","1":"post","2":"type-post","3":"status-publish","4":"format-standard","5":"has-post-thumbnail","6":"hentry","7":"category-extension","8":"category-semana-cultural","10":"post-with-thumbnail","11":"post-with-thumbnail-large"},"_links":{"self":[{"href":"https:\/\/filo.unt.edu.ar\/noticias\/wp-json\/wp\/v2\/posts\/1889","targetHints":{"allow":["GET"]}}],"collection":[{"href":"https:\/\/filo.unt.edu.ar\/noticias\/wp-json\/wp\/v2\/posts"}],"about":[{"href":"https:\/\/filo.unt.edu.ar\/noticias\/wp-json\/wp\/v2\/types\/post"}],"author":[{"embeddable":true,"href":"https:\/\/filo.unt.edu.ar\/noticias\/wp-json\/wp\/v2\/users\/3"}],"replies":[{"embeddable":true,"href":"https:\/\/filo.unt.edu.ar\/noticias\/wp-json\/wp\/v2\/comments?post=1889"}],"version-history":[{"count":18,"href":"https:\/\/filo.unt.edu.ar\/noticias\/wp-json\/wp\/v2\/posts\/1889\/revisions"}],"predecessor-version":[{"id":2011,"href":"https:\/\/filo.unt.edu.ar\/noticias\/wp-json\/wp\/v2\/posts\/1889\/revisions\/2011"}],"wp:featuredmedia":[{"embeddable":true,"href":"https:\/\/filo.unt.edu.ar\/noticias\/wp-json\/wp\/v2\/media\/1944"}],"wp:attachment":[{"href":"https:\/\/filo.unt.edu.ar\/noticias\/wp-json\/wp\/v2\/media?parent=1889"}],"wp:term":[{"taxonomy":"category","embeddable":true,"href":"https:\/\/filo.unt.edu.ar\/noticias\/wp-json\/wp\/v2\/categories?post=1889"},{"taxonomy":"post_tag","embeddable":true,"href":"https:\/\/filo.unt.edu.ar\/noticias\/wp-json\/wp\/v2\/tags?post=1889"}],"curies":[{"name":"wp","href":"https:\/\/api.w.org\/{rel}","templated":true}]}}