{"id":1853,"date":"2017-09-29T10:41:00","date_gmt":"2017-09-29T13:41:00","guid":{"rendered":"http:\/\/filo.unt.edu.ar\/noticias\/?p=1853"},"modified":"2017-09-29T10:41:00","modified_gmt":"2017-09-29T13:41:00","slug":"1-feria-del-libro-de-la-facultad-de-filosofia-y-letras","status":"publish","type":"post","link":"https:\/\/filo.unt.edu.ar\/noticias\/2017\/09\/29\/1-feria-del-libro-de-la-facultad-de-filosofia-y-letras\/","title":{"rendered":"1\u00b0 Feria del Libro de la Facultad de Filosof\u00eda y Letras"},"content":{"rendered":"<p>Entre el lunes 18 y el mi\u00e9rcoles 20 de septiembre se realiz\u00f3 la I\u00ba Feria del Libro de Filosof\u00eda y Letras organizada por el Departamento de Publicaciones y la Secretar\u00eda de Extensi\u00f3n, en el marco de la ya tradicional Semana Cultural de nuestra\u00a0Facultad.\u00a0Esta primera edici\u00f3n fue en homenaje a Mar\u00eda Eugenia R\u00edos, una de las impulsoras del proyecto y, hasta hace muy poco tiempo, Directora del Departamento.<!--more--><\/p>\n<p>Nuestro Departamento de Publicaciones ahora se llama Mar\u00eda Eugenia R\u00edos y el descubrimiento de la placa que as\u00ed lo denomina fue el acto inaugural de esta primera edici\u00f3n de la Feria. Ante una audiencia emocionada, se ley\u00f3 la resoluci\u00f3n del Consejo Directivo que, por unanimidad, aprob\u00f3 dar, al mencionado Departamento, el nombre de quien fuera su incansable y emprendedora Directora. S\u00f3lo palabras elogiosas fueron dichas por la Decana, Dra. Mercedes Leal, quien lament\u00f3 la p\u00e9rdida de esta valiosa compa\u00f1era. El momento m\u00e1s emotivo lleg\u00f3 de la mano de la Prof. Mar\u00eda Eugenia Bestani quien hizo una sentida y ajustada semblanza de la homenajeada.<\/p>\n<p>La jornada continu\u00f3 en el Espacio Cultural con la presentaci\u00f3n de los libros <em>La inquietud Cautiva<\/em> de Mar\u00eda Elvira Ju\u00e1rez, a cargo de la Dra. Liliana Massara;\u00a0<em>Obras Completas<\/em> de Juan Gonz\u00e1lez, a cargo de la Dra. Ver\u00f3nica Juliano; y\u00a0<em>Literatura de puertas abiertas: cuerpos y deseos<\/em> del CETRANS, a cargo de lxs estudiantxs Mahia Moyano,\u00a0Susana Torres y Franco Lazarte, y la docente de Lengua y Literatura, Priscilla Hill. El cierre de este primer d\u00eda estuvo a cargo de la Orquesta de Ni\u00f1os y J\u00f3venes &#8220;Rolando Chivo Valladares&#8221; del Centro de Trabajo Popular Mate Cocido.<\/p>\n<p>El martes, en el Aula Dappe, M\u00f3nica Caz\u00f3n reflexion\u00f3 sobre la literatura infanto-juvenil y luego, en el mismo espacio, se realiz\u00f3 un encuentro de escritores que homenaje\u00f3 a Daniel Moyano.<\/p>\n<p>El mi\u00e9rcoles tuvieron lugar las presentaciones de la Revista <em>Humanitas<\/em>, a cargo de la Prof. Mar\u00eda del Huerto Ragonesi y el Dr. Luis Marcelo Martino y del libro <em>Di\u00e1spora, migraci\u00f3n y exilio<\/em> a cargo de las compiladoras Julia Stella y Adriana Sleibe Rahe.<\/p>\n<p>El pasillo central de la Facultad fue el espacio en el que, durante los tres d\u00edas, se exhibieron y vendieron los libros de departamentos, Institutos y c\u00e1tedras que quisieron participar de la exposici\u00f3n junto con nuestra librer\u00eda Humanitas.<\/p>\n<p><a href=\"https:\/\/www.facebook.com\/254943048174909\/photos\/?tab=album&amp;album_id=531360090533202\" target=\"_blank\" rel=\"noopener\">Ver Fotos Inauguraci\u00f3n.-<\/a><\/p>\n<p><a href=\"https:\/\/www.facebook.com\/254943048174909\/photos\/?tab=album&amp;album_id=531765453825999\" target=\"_blank\" rel=\"noopener\">Ver Fotos Clausura.-<\/a><\/p>\n","protected":false},"excerpt":{"rendered":"<p>Entre el lunes 18 y el mi\u00e9rcoles 20 de septiembre se realiz\u00f3 la I\u00ba Feria del Libro de Filosof\u00eda y Letras organizada por el Departamento de Publicaciones y la Secretar\u00eda de Extensi\u00f3n, en el marco de la ya tradicional Semana Cultural de nuestra\u00a0Facultad.\u00a0Esta primera edici\u00f3n fue en homenaje a Mar\u00eda [&hellip;]<\/p>\n","protected":false},"author":101013,"featured_media":1861,"comment_status":"closed","ping_status":"closed","sticky":false,"template":"","format":"standard","meta":{"footnotes":""},"categories":[6,7,13],"tags":[],"class_list":{"0":"post-1853","1":"post","2":"type-post","3":"status-publish","4":"format-standard","5":"has-post-thumbnail","6":"hentry","7":"category-extension","8":"category-publicaciones","9":"category-semana-cultural","11":"post-with-thumbnail","12":"post-with-thumbnail-large"},"_links":{"self":[{"href":"https:\/\/filo.unt.edu.ar\/noticias\/wp-json\/wp\/v2\/posts\/1853","targetHints":{"allow":["GET"]}}],"collection":[{"href":"https:\/\/filo.unt.edu.ar\/noticias\/wp-json\/wp\/v2\/posts"}],"about":[{"href":"https:\/\/filo.unt.edu.ar\/noticias\/wp-json\/wp\/v2\/types\/post"}],"author":[{"embeddable":true,"href":"https:\/\/filo.unt.edu.ar\/noticias\/wp-json\/wp\/v2\/users\/101013"}],"replies":[{"embeddable":true,"href":"https:\/\/filo.unt.edu.ar\/noticias\/wp-json\/wp\/v2\/comments?post=1853"}],"version-history":[{"count":11,"href":"https:\/\/filo.unt.edu.ar\/noticias\/wp-json\/wp\/v2\/posts\/1853\/revisions"}],"predecessor-version":[{"id":1972,"href":"https:\/\/filo.unt.edu.ar\/noticias\/wp-json\/wp\/v2\/posts\/1853\/revisions\/1972"}],"wp:featuredmedia":[{"embeddable":true,"href":"https:\/\/filo.unt.edu.ar\/noticias\/wp-json\/wp\/v2\/media\/1861"}],"wp:attachment":[{"href":"https:\/\/filo.unt.edu.ar\/noticias\/wp-json\/wp\/v2\/media?parent=1853"}],"wp:term":[{"taxonomy":"category","embeddable":true,"href":"https:\/\/filo.unt.edu.ar\/noticias\/wp-json\/wp\/v2\/categories?post=1853"},{"taxonomy":"post_tag","embeddable":true,"href":"https:\/\/filo.unt.edu.ar\/noticias\/wp-json\/wp\/v2\/tags?post=1853"}],"curies":[{"name":"wp","href":"https:\/\/api.w.org\/{rel}","templated":true}]}}