{"id":1730,"date":"2017-08-22T12:21:51","date_gmt":"2017-08-22T15:21:51","guid":{"rendered":"http:\/\/filo.unt.edu.ar\/noticias\/?p=1730"},"modified":"2017-09-01T12:49:39","modified_gmt":"2017-09-01T15:49:39","slug":"circulo-de-lectura-de-teoria-social-en-filosofia-y-letras","status":"publish","type":"post","link":"https:\/\/filo.unt.edu.ar\/noticias\/2017\/08\/22\/circulo-de-lectura-de-teoria-social-en-filosofia-y-letras\/","title":{"rendered":"C\u00edrculo de lectura de Teor\u00eda Social en Filosof\u00eda y Letras"},"content":{"rendered":"<div id=\"pl-1730\"  class=\"panel-layout\"><div id=\"pg-1730-0\"  class=\"panel-grid panel-no-style\"><div id=\"pgc-1730-0-0\"  class=\"panel-grid-cell\"><div id=\"panel-1730-0-0-0\" class=\"so-panel widget widget_black-studio-tinymce widget_black_studio_tinymce panel-first-child panel-last-child\" data-index=\"0\"><div class=\"textwidget\"><p>Los integrantes de la c\u00e1tedra de \u201cTrabajo Social y Teor\u00eda Social Contempor\u00e1nea\u201d, a cargo del Mg. Ra\u00fal Aru\u00e9, ofrecen, como propuesta de Extensi\u00f3n, un C\u00edrculo de lectura de Teor\u00eda Social que ya va por su tercer encuentro (de los diez que incluye la propuesta).<br \/>\n<\/p><\/div><\/div><\/div><\/div><\/div><p><a class=\"more-link\" href=\"https:\/\/filo.unt.edu.ar\/noticias\/2017\/08\/22\/circulo-de-lectura-de-teoria-social-en-filosofia-y-letras\/\">Continuar leyendo<span class=\"meta-nav\">&rarr;<\/span><\/a><\/p>","protected":false},"excerpt":{"rendered":"<p>Los integrantes de la c\u00e1tedra de \u201cTrabajo Social y Teor\u00eda Social Contempor\u00e1nea\u201d, a cargo del Mg. Ra\u00fal Aru\u00e9, ofrecen, como propuesta de Extensi\u00f3n, un C\u00edrculo de lectura de Teor\u00eda Social que ya va por su tercer encuentro (de los diez que incluye la propuesta). Los organizadores est\u00e1n muy conformes con [&hellip;]<\/p>\n","protected":false},"author":3,"featured_media":1758,"comment_status":"closed","ping_status":"closed","sticky":false,"template":"","format":"standard","meta":{"footnotes":""},"categories":[6],"tags":[],"class_list":{"0":"post-1730","1":"post","2":"type-post","3":"status-publish","4":"format-standard","5":"has-post-thumbnail","6":"hentry","7":"category-extension","9":"post-with-thumbnail","10":"post-with-thumbnail-large"},"_links":{"self":[{"href":"https:\/\/filo.unt.edu.ar\/noticias\/wp-json\/wp\/v2\/posts\/1730","targetHints":{"allow":["GET"]}}],"collection":[{"href":"https:\/\/filo.unt.edu.ar\/noticias\/wp-json\/wp\/v2\/posts"}],"about":[{"href":"https:\/\/filo.unt.edu.ar\/noticias\/wp-json\/wp\/v2\/types\/post"}],"author":[{"embeddable":true,"href":"https:\/\/filo.unt.edu.ar\/noticias\/wp-json\/wp\/v2\/users\/3"}],"replies":[{"embeddable":true,"href":"https:\/\/filo.unt.edu.ar\/noticias\/wp-json\/wp\/v2\/comments?post=1730"}],"version-history":[{"count":11,"href":"https:\/\/filo.unt.edu.ar\/noticias\/wp-json\/wp\/v2\/posts\/1730\/revisions"}],"predecessor-version":[{"id":1786,"href":"https:\/\/filo.unt.edu.ar\/noticias\/wp-json\/wp\/v2\/posts\/1730\/revisions\/1786"}],"wp:featuredmedia":[{"embeddable":true,"href":"https:\/\/filo.unt.edu.ar\/noticias\/wp-json\/wp\/v2\/media\/1758"}],"wp:attachment":[{"href":"https:\/\/filo.unt.edu.ar\/noticias\/wp-json\/wp\/v2\/media?parent=1730"}],"wp:term":[{"taxonomy":"category","embeddable":true,"href":"https:\/\/filo.unt.edu.ar\/noticias\/wp-json\/wp\/v2\/categories?post=1730"},{"taxonomy":"post_tag","embeddable":true,"href":"https:\/\/filo.unt.edu.ar\/noticias\/wp-json\/wp\/v2\/tags?post=1730"}],"curies":[{"name":"wp","href":"https:\/\/api.w.org\/{rel}","templated":true}]}}