{"id":1699,"date":"2017-08-25T22:47:26","date_gmt":"2017-08-26T01:47:26","guid":{"rendered":"http:\/\/filo.unt.edu.ar\/noticias\/?p=1699"},"modified":"2017-09-01T12:52:53","modified_gmt":"2017-09-01T15:52:53","slug":"jornadas-de-intercambio-de-propuestas-de-innovacion-pedagogica","status":"publish","type":"post","link":"https:\/\/filo.unt.edu.ar\/noticias\/2017\/08\/25\/jornadas-de-intercambio-de-propuestas-de-innovacion-pedagogica\/","title":{"rendered":"Jornadas de Intercambio de Propuestas de Innovaci\u00f3n Pedag\u00f3gica."},"content":{"rendered":"<p>El 10 de agosto se realizaron las Jornadas de intercambio de propuestas de innovaci\u00f3n pedag\u00f3gica, organizadas por el Instituto Coordinador de Programas de Capacitaci\u00f3n (ICPC) de la Facultad de Filosof\u00eda y Letras.<br \/>\n<!--more--><br \/>\nLas jornadas se llevaron a cabo en el marco del cierre del &#8220;Trayecto de Posgrado en Capacitaci\u00f3n Pedag\u00f3gica Universitaria&#8221; (CPU &#8211; Corthe 2016), durante las cuales los estudiantes presentaron, en car\u00e1cter de trabajo final, propuestas de innovaci\u00f3n pedag\u00f3gica para implementar en sus c\u00e1tedras o proponer a los equipos de gesti\u00f3n de sus unidades acad\u00e9micas.<\/p>\n<p>Participaron docentes de las Facultades de Odontolog\u00eda, Psicolog\u00eda, Filosof\u00eda y Letras, Ciencias Naturales, Bioqu\u00edmica, Qu\u00edmica y Farmacia. Las propuestas dise\u00f1adas abarcaron diversos temas: estrategias metodol\u00f3gicas en el aula, reprogramaci\u00f3n de contenidos, metodolog\u00eda y evaluaci\u00f3n, el uso del aula virtual como estrategia colaborativa en los procesos de ense\u00f1anza, las escrituras en la construcci\u00f3n did\u00e1ctica, el sentido del aprendizaje en la universidad y los atravesamientos institucionales, bio\u00e9ticos y pedag\u00f3gicos en las pr\u00e1cticas de laboratorio.<\/p>\n<p>El 23 de Agosto, comenz\u00f3 una nueva versi\u00f3n del Trayecto CPU a cargo del ICPC, con modalidad semipresencial e instancias virtuales.<\/p>\n<p><a href=\"https:\/\/www.facebook.com\/filount\/posts\/522627784739766\" target=\"_blank\" rel=\"noopener\">Ver Fotos.-<\/a><\/p>\n","protected":false},"excerpt":{"rendered":"<p>El 10 de agosto se realizaron las Jornadas de intercambio de propuestas de innovaci\u00f3n pedag\u00f3gica, organizadas por el Instituto Coordinador de Programas de Capacitaci\u00f3n (ICPC) de la Facultad de Filosof\u00eda y Letras.<\/p>\n","protected":false},"author":101013,"featured_media":1702,"comment_status":"closed","ping_status":"closed","sticky":false,"template":"","format":"standard","meta":{"footnotes":""},"categories":[8],"tags":[],"class_list":{"0":"post-1699","1":"post","2":"type-post","3":"status-publish","4":"format-standard","5":"has-post-thumbnail","6":"hentry","7":"category-eventos-academicos","9":"post-with-thumbnail","10":"post-with-thumbnail-large"},"_links":{"self":[{"href":"https:\/\/filo.unt.edu.ar\/noticias\/wp-json\/wp\/v2\/posts\/1699","targetHints":{"allow":["GET"]}}],"collection":[{"href":"https:\/\/filo.unt.edu.ar\/noticias\/wp-json\/wp\/v2\/posts"}],"about":[{"href":"https:\/\/filo.unt.edu.ar\/noticias\/wp-json\/wp\/v2\/types\/post"}],"author":[{"embeddable":true,"href":"https:\/\/filo.unt.edu.ar\/noticias\/wp-json\/wp\/v2\/users\/101013"}],"replies":[{"embeddable":true,"href":"https:\/\/filo.unt.edu.ar\/noticias\/wp-json\/wp\/v2\/comments?post=1699"}],"version-history":[{"count":4,"href":"https:\/\/filo.unt.edu.ar\/noticias\/wp-json\/wp\/v2\/posts\/1699\/revisions"}],"predecessor-version":[{"id":1745,"href":"https:\/\/filo.unt.edu.ar\/noticias\/wp-json\/wp\/v2\/posts\/1699\/revisions\/1745"}],"wp:featuredmedia":[{"embeddable":true,"href":"https:\/\/filo.unt.edu.ar\/noticias\/wp-json\/wp\/v2\/media\/1702"}],"wp:attachment":[{"href":"https:\/\/filo.unt.edu.ar\/noticias\/wp-json\/wp\/v2\/media?parent=1699"}],"wp:term":[{"taxonomy":"category","embeddable":true,"href":"https:\/\/filo.unt.edu.ar\/noticias\/wp-json\/wp\/v2\/categories?post=1699"},{"taxonomy":"post_tag","embeddable":true,"href":"https:\/\/filo.unt.edu.ar\/noticias\/wp-json\/wp\/v2\/tags?post=1699"}],"curies":[{"name":"wp","href":"https:\/\/api.w.org\/{rel}","templated":true}]}}