{"id":1591,"date":"2017-07-07T12:01:35","date_gmt":"2017-07-07T15:01:35","guid":{"rendered":"http:\/\/filo.unt.edu.ar\/noticias\/?p=1591"},"modified":"2017-08-01T15:25:43","modified_gmt":"2017-08-01T18:25:43","slug":"conferencia-dr-enrique-del-percio","status":"publish","type":"post","link":"https:\/\/filo.unt.edu.ar\/noticias\/2017\/07\/07\/conferencia-dr-enrique-del-percio\/","title":{"rendered":"Conferencia Dr. Enrique del Percio"},"content":{"rendered":"<div id=\"pl-1591\"  class=\"panel-layout\" ><div id=\"pg-1591-0\"  class=\"panel-grid panel-no-style\" ><div id=\"pgc-1591-0-0\"  class=\"panel-grid-cell\" ><div id=\"panel-1591-0-0-0\" class=\"so-panel widget widget_sow-editor panel-first-child panel-last-child\" data-index=\"0\" ><div\n\t\t\t\n\t\t\tclass=\"so-widget-sow-editor so-widget-sow-editor-base\"\n\t\t\t\n\t\t>\n<div class=\"siteorigin-widget-tinymce textwidget\">\n\t<p>El mi\u00e9rcoles 5 de julio el Dr. Enrique del Percio brind\u00f3 la conferencia \u201cLa disputa pol\u00edtica en la coyuntura actual. Una mirada desde el Sur\u201d, en el Sal\u00f3n de Actos de la Facultad.<\/p>\n<p>Enrique Del Percio es Doctor en Filosof\u00eda Jur\u00eddica, Especialista en Sociolog\u00eda de las Instituciones y Abogado. Actualmente se desempe\u00f1a como Director del Doctorado en Filosof\u00eda (USAL \/ \u00c1rea San Miguel), Coordinador del Doctorado en Pol\u00edtica y Gesti\u00f3n de la Educaci\u00f3n Superior (UNTREF) y Codirector del Programa Internacional de Estudios sobre Democracia, Sociedad y Nuevas Econom\u00edas (UBA). Es Profesor de maestr\u00edas y doctorados en prestigiosas universidades de Am\u00e9rica y Europa. Investigador invitado en la Universidad de Londres y en el Instituto Internacional de Sociolog\u00eda Jur\u00eddica de O\u00f1ati (Pa\u00eds Vasco). Fue consultor de Naciones Unidas y Secretario General del Instituto Nacional de la Administraci\u00f3n P\u00fablica y es autor de numerosos libros y art\u00edculos cient\u00edficos y de divulgaci\u00f3n.<\/p>\n<p>La actividad estuvo organizada por la Fundaci\u00f3n Bernardo de Monteagudo y el Foro de Pensamiento Latinoamericano de la UNT, entidad que, el a\u00f1o pasado, impuls\u00f3 la\u00a0firma del Documento \u201cDeclaraci\u00f3n de la Independencia Cultural de Nuestra Am\u00e9rica\u201d, refrendado por destacadas personalidades del quehacer art\u00edstico, cultural y\u00a0pol\u00edtico de Am\u00e9rica Latina, entre ellos el Dr. Del percio.\u00a0<\/p>\n<\/div>\n<\/div><\/div><\/div><\/div><\/div>","protected":false},"excerpt":{"rendered":"<p>El mi\u00e9rcoles 5 de julio el Dr. Enrique del Percio brind\u00f3 la conferencia \u201cLa disputa pol\u00edtica en la coyuntura actual. Una mirada desde el Sur\u201d, en el Sal\u00f3n de Actos de la Facultad.Enrique Del Percio es Doctor en Filosof\u00eda Jur\u00eddica, Especialista en Sociolog\u00eda de las Instituciones y Abogado. Actualmente se [&hellip;]<\/p>\n","protected":false},"author":101013,"featured_media":1615,"comment_status":"closed","ping_status":"closed","sticky":false,"template":"","format":"standard","meta":{"footnotes":""},"categories":[8],"tags":[],"class_list":{"0":"post-1591","1":"post","2":"type-post","3":"status-publish","4":"format-standard","5":"has-post-thumbnail","6":"hentry","7":"category-eventos-academicos","9":"post-with-thumbnail","10":"post-with-thumbnail-large"},"_links":{"self":[{"href":"https:\/\/filo.unt.edu.ar\/noticias\/wp-json\/wp\/v2\/posts\/1591","targetHints":{"allow":["GET"]}}],"collection":[{"href":"https:\/\/filo.unt.edu.ar\/noticias\/wp-json\/wp\/v2\/posts"}],"about":[{"href":"https:\/\/filo.unt.edu.ar\/noticias\/wp-json\/wp\/v2\/types\/post"}],"author":[{"embeddable":true,"href":"https:\/\/filo.unt.edu.ar\/noticias\/wp-json\/wp\/v2\/users\/101013"}],"replies":[{"embeddable":true,"href":"https:\/\/filo.unt.edu.ar\/noticias\/wp-json\/wp\/v2\/comments?post=1591"}],"version-history":[{"count":7,"href":"https:\/\/filo.unt.edu.ar\/noticias\/wp-json\/wp\/v2\/posts\/1591\/revisions"}],"predecessor-version":[{"id":1628,"href":"https:\/\/filo.unt.edu.ar\/noticias\/wp-json\/wp\/v2\/posts\/1591\/revisions\/1628"}],"wp:featuredmedia":[{"embeddable":true,"href":"https:\/\/filo.unt.edu.ar\/noticias\/wp-json\/wp\/v2\/media\/1615"}],"wp:attachment":[{"href":"https:\/\/filo.unt.edu.ar\/noticias\/wp-json\/wp\/v2\/media?parent=1591"}],"wp:term":[{"taxonomy":"category","embeddable":true,"href":"https:\/\/filo.unt.edu.ar\/noticias\/wp-json\/wp\/v2\/categories?post=1591"},{"taxonomy":"post_tag","embeddable":true,"href":"https:\/\/filo.unt.edu.ar\/noticias\/wp-json\/wp\/v2\/tags?post=1591"}],"curies":[{"name":"wp","href":"https:\/\/api.w.org\/{rel}","templated":true}]}}