{"id":1527,"date":"2017-06-26T11:17:08","date_gmt":"2017-06-26T14:17:08","guid":{"rendered":"http:\/\/filo.unt.edu.ar\/noticias\/?p=1527"},"modified":"2017-07-03T12:44:56","modified_gmt":"2017-07-03T15:44:56","slug":"la-historia-volvio-a-salir-a-las-calles","status":"publish","type":"post","link":"https:\/\/filo.unt.edu.ar\/noticias\/2017\/06\/26\/la-historia-volvio-a-salir-a-las-calles\/","title":{"rendered":"La historia volvi\u00f3 a salir a las calles"},"content":{"rendered":"<p>Debido al inter\u00e9s que despertaron en la Comunidad tucumana, se relanzaron las Caminatas Hist\u00f3ricas. <!--more--><\/p>\n<p>A fines del 2016, la Facultad gan\u00f3 una convocatoria de la Secretar\u00eda de Pol\u00edticas Universitarias (SPU) con el Proyecto \u201cLa historia sale a la calle\u201d, que se propon\u00eda dar continuidad a las \u201cCaminatas Hist\u00f3ricas del Bicentenario\u201d. El proyecto est\u00e1 coordinado por el vicedecano de la Facultad, Mg. Santiago Bliss, y la Coordinadora de Pol\u00edticas Comunicacionales, Lic. Mariana Carl\u00e9s, y conforman el equipo de trabajo los estudiantes que, en 2016, fueron capacitados como gu\u00edas. <\/p>\n<p>A su vez, el 17 de junio se inici\u00f3 un nuevo proceso de capacitaci\u00f3n para sumar m\u00e1s estudiantes al Proyecto. Paralelamente, el equipo ya conformado comenz\u00f3 un nuevo ciclo de Caminatas y, siguiendo el esp\u00edritu del 2016, las primeras fueron ofrecidas a las Escuelas. En ese marco, el viernes 23 de junio, la Escuela de Comercio Nro. 3 realiz\u00f3 dos de los cuatro circuitos que se ofrecen. <\/p>\n<p>El p\u00fablico en general podr\u00e1 disfrutar de las caminatas todos los s\u00e1bados de julio, a las 17 hs. <a href=\"http:\/\/filo.unt.edu.ar\/caminatas-historicas\/circuitos\/\" target=\"_blank\">Aqu\u00ed<\/a> podr\u00e1 ver los puntos de encuentro desde los que se inicia cada recorrido.<\/p>\n<p>\u201cLa historia sale a la calle\u201d ofrece cuatro circuitos -Cl\u00e1sico, Belgraniano, Movimientos sociales y Cultura y Centenario- que muestran la historia de nuestra provincia pens\u00e1ndola desde los m\u00faltiples actores sociales que la construyeron y focalizando, seg\u00fan el recorrido elegido, alg\u00fan aspecto particular de la misma. Cada recorrido dura, aproximadamente, una hora y media y recorre entre 10 y 12 cuadras.  <\/p>\n<p>Para m\u00e1s informaci\u00f3n en: <a href=\"http:\/\/filo.unt.edu.ar\/caminatas-historicas\/\" target=\"_blank\">http:\/\/filo.unt.edu.ar\/caminatas-historicas\/<\/a> o contactarse a caminatas.historicas@filo.unt.edu.ar <\/p>\n<p><a href=\"https:\/\/www.facebook.com\/media\/set\/?set=a.1782876441739424.1073741831.1412926922067713&amp;type=3\" target=\"_blank\">Ver Fotos Capacitaci\u00f3n.-<\/a><\/p>\n<p><a href=\"https:\/\/www.facebook.com\/caminatashistoricas.tucuman\/\" target=\"_blank\">Facebook Caminatas Hist\u00f3ricas<\/a><\/p>\n","protected":false},"excerpt":{"rendered":"<p>Debido al inter\u00e9s que despertaron en la Comunidad tucumana, se relanzaron las Caminatas Hist\u00f3ricas.<\/p>\n","protected":false},"author":101013,"featured_media":1549,"comment_status":"closed","ping_status":"closed","sticky":false,"template":"","format":"standard","meta":{"footnotes":""},"categories":[6],"tags":[],"class_list":{"0":"post-1527","1":"post","2":"type-post","3":"status-publish","4":"format-standard","5":"has-post-thumbnail","6":"hentry","7":"category-extension","9":"post-with-thumbnail","10":"post-with-thumbnail-large"},"_links":{"self":[{"href":"https:\/\/filo.unt.edu.ar\/noticias\/wp-json\/wp\/v2\/posts\/1527","targetHints":{"allow":["GET"]}}],"collection":[{"href":"https:\/\/filo.unt.edu.ar\/noticias\/wp-json\/wp\/v2\/posts"}],"about":[{"href":"https:\/\/filo.unt.edu.ar\/noticias\/wp-json\/wp\/v2\/types\/post"}],"author":[{"embeddable":true,"href":"https:\/\/filo.unt.edu.ar\/noticias\/wp-json\/wp\/v2\/users\/101013"}],"replies":[{"embeddable":true,"href":"https:\/\/filo.unt.edu.ar\/noticias\/wp-json\/wp\/v2\/comments?post=1527"}],"version-history":[{"count":6,"href":"https:\/\/filo.unt.edu.ar\/noticias\/wp-json\/wp\/v2\/posts\/1527\/revisions"}],"predecessor-version":[{"id":1552,"href":"https:\/\/filo.unt.edu.ar\/noticias\/wp-json\/wp\/v2\/posts\/1527\/revisions\/1552"}],"wp:featuredmedia":[{"embeddable":true,"href":"https:\/\/filo.unt.edu.ar\/noticias\/wp-json\/wp\/v2\/media\/1549"}],"wp:attachment":[{"href":"https:\/\/filo.unt.edu.ar\/noticias\/wp-json\/wp\/v2\/media?parent=1527"}],"wp:term":[{"taxonomy":"category","embeddable":true,"href":"https:\/\/filo.unt.edu.ar\/noticias\/wp-json\/wp\/v2\/categories?post=1527"},{"taxonomy":"post_tag","embeddable":true,"href":"https:\/\/filo.unt.edu.ar\/noticias\/wp-json\/wp\/v2\/tags?post=1527"}],"curies":[{"name":"wp","href":"https:\/\/api.w.org\/{rel}","templated":true}]}}