{"id":1525,"date":"2017-06-19T11:05:56","date_gmt":"2017-06-19T14:05:56","guid":{"rendered":"http:\/\/filo.unt.edu.ar\/noticias\/?p=1525"},"modified":"2017-07-03T12:44:49","modified_gmt":"2017-07-03T15:44:49","slug":"conferencia-del-dr-en-ciencias-sociales-claudio-suasnabar","status":"publish","type":"post","link":"https:\/\/filo.unt.edu.ar\/noticias\/2017\/06\/19\/conferencia-del-dr-en-ciencias-sociales-claudio-suasnabar\/","title":{"rendered":"Conferencia del Dr. en Ciencias Sociales, Claudio Suasn\u00e1bar"},"content":{"rendered":"<p>El viernes 16 de junio el Dr. en Ciencias Sociales y docente de la Universidad Nacional de La Plata, Claudio Suasn\u00e1bar, brind\u00f3 la conferencia &#8220;El movimiento estudiantil en Am\u00e9rica Latina: pasado, presente y futuro&#8221;. La actividad se realiz\u00f3 en el marco del Proyecto Hacia el Centenario de la Reforma Universitaria, del cual forma parte la Facultad de Filosof\u00eda y Letras junto a otras instituciones universitarias nacionales.<!--more--><\/p>\n<p>La Decana de la Facultad, Dra. Mercedes Leal, dio las palabras de bienvenida al p\u00fablico asistente, destac\u00f3 el trabajo de Suasn\u00e1bar y tambi\u00e9n el impulso a la producci\u00f3n de conocimiento que ofrece este Proyecto, que involucra a Universidades de todo el pa\u00eds, en tanto que una de sus metas es que alumnos y docentes investiguen acerca de la vigencia de los principios reformistas en la universidad nacional, p\u00fablica y gratuita actual.<\/p>\n<p>El conferencista manifest\u00f3 que la Reforma de 1918 implic\u00f3 \u201cdejar de ser una instituci\u00f3n olig\u00e1rquica, tradicional y anquilosada para convertirse en una universidad moderna, comprometida y cient\u00edfica. Proyectar una instituci\u00f3n nueva, en el sentido de sus fines y misi\u00f3n\u201d. <\/p>\n<p>Claudio Suasn\u00e1bar es profesor en Ciencias de la Educaci\u00f3n, doctor en Ciencias Sociales y Magister en Ciencias Sociales con Orientaci\u00f3n en Educaci\u00f3n -ambos t\u00edtulos otorgados por la FLACSO-. Se desempe\u00f1a como docente en la Universidad Nacional de La Plata, en la Universidad Tecnol\u00f3gica Nacional (Regional de Buenos Aires) y en la Facultad Latinoamericana de Ciencias Sociales (FLACSO). Coordin\u00f3, junto con otros autores, la publicaci\u00f3n de diversos libros como Educaci\u00f3n, conocimiento y pol\u00edtica. Argentina 1983-2003 (2007) y Universidad: reformas y desaf\u00edos (2007). Dilemas de la Educaci\u00f3n Superior en Argentina y Brasil (2006). Es autor de m\u00faltiples art\u00edculos publicados en revistas cient\u00edficas y de obras como Universidad e Intelectuales: educaci\u00f3n y pol\u00edtica en la Argentina (1955-1976).<\/p>\n<p><a href=\"https:\/\/www.facebook.com\/254943048174909\/photos\/?tab=album&amp;album_id=488050388197506\" target=\"_blank\">Ver \u00e1lbum de Fotos.-<\/a><\/p>\n","protected":false},"excerpt":{"rendered":"<p>El viernes 16 de junio el Dr. en Ciencias Sociales y docente de la Universidad Nacional de La Plata, Claudio Suasn\u00e1bar, brind\u00f3 la conferencia &#8220;El movimiento estudiantil en Am\u00e9rica Latina: pasado, presente y futuro&#8221;. La actividad se realiz\u00f3 en el marco del Proyecto Hacia el Centenario de la Reforma Universitaria, [&hellip;]<\/p>\n","protected":false},"author":101013,"featured_media":1547,"comment_status":"closed","ping_status":"closed","sticky":false,"template":"","format":"standard","meta":{"footnotes":""},"categories":[8],"tags":[],"class_list":{"0":"post-1525","1":"post","2":"type-post","3":"status-publish","4":"format-standard","5":"has-post-thumbnail","6":"hentry","7":"category-eventos-academicos","9":"post-with-thumbnail","10":"post-with-thumbnail-large"},"_links":{"self":[{"href":"https:\/\/filo.unt.edu.ar\/noticias\/wp-json\/wp\/v2\/posts\/1525","targetHints":{"allow":["GET"]}}],"collection":[{"href":"https:\/\/filo.unt.edu.ar\/noticias\/wp-json\/wp\/v2\/posts"}],"about":[{"href":"https:\/\/filo.unt.edu.ar\/noticias\/wp-json\/wp\/v2\/types\/post"}],"author":[{"embeddable":true,"href":"https:\/\/filo.unt.edu.ar\/noticias\/wp-json\/wp\/v2\/users\/101013"}],"replies":[{"embeddable":true,"href":"https:\/\/filo.unt.edu.ar\/noticias\/wp-json\/wp\/v2\/comments?post=1525"}],"version-history":[{"count":2,"href":"https:\/\/filo.unt.edu.ar\/noticias\/wp-json\/wp\/v2\/posts\/1525\/revisions"}],"predecessor-version":[{"id":1548,"href":"https:\/\/filo.unt.edu.ar\/noticias\/wp-json\/wp\/v2\/posts\/1525\/revisions\/1548"}],"wp:featuredmedia":[{"embeddable":true,"href":"https:\/\/filo.unt.edu.ar\/noticias\/wp-json\/wp\/v2\/media\/1547"}],"wp:attachment":[{"href":"https:\/\/filo.unt.edu.ar\/noticias\/wp-json\/wp\/v2\/media?parent=1525"}],"wp:term":[{"taxonomy":"category","embeddable":true,"href":"https:\/\/filo.unt.edu.ar\/noticias\/wp-json\/wp\/v2\/categories?post=1525"},{"taxonomy":"post_tag","embeddable":true,"href":"https:\/\/filo.unt.edu.ar\/noticias\/wp-json\/wp\/v2\/tags?post=1525"}],"curies":[{"name":"wp","href":"https:\/\/api.w.org\/{rel}","templated":true}]}}