{"id":1521,"date":"2017-06-19T11:02:04","date_gmt":"2017-06-19T14:02:04","guid":{"rendered":"http:\/\/filo.unt.edu.ar\/noticias\/?p=1521"},"modified":"2017-07-03T12:44:36","modified_gmt":"2017-07-03T15:44:36","slug":"coloquio-internacional-modernidad-colonialidad-y-escritura-en-america-latina","status":"publish","type":"post","link":"https:\/\/filo.unt.edu.ar\/noticias\/2017\/06\/19\/coloquio-internacional-modernidad-colonialidad-y-escritura-en-america-latina\/","title":{"rendered":"Coloquio Internacional \u201cModernidad, colonialidad y escritura en Am\u00e9rica Latina\u201d"},"content":{"rendered":"<p>Durante el 15 y el 16 de este mes se llev\u00f3 a cabo el Coloquio Internacional \u201cModernidad, colonialidad y escritura en Am\u00e9rica Latina\u201d en el Centro Cultural Alberto Roug\u00e9s. El mismo estuvo organizado por el Instituto Interdisciplinario de Estudios Latinoamericanos (IIELA \u2013 U.N.T.) y el PICT 2014-2127 \u201cMaterialidades, circuitos y sujetos de la lectura y la escritura en la literatura colonial latinoamericana (siglos XVI y XVII)\u201d.<!--more--><\/p>\n<p>La apertura estuvo a cargo de la Decana de la Facultad, Dra. Mercedes Leal y la Presidenta Ejecutiva del Coloquio, Dra. Mar\u00eda Jes\u00fas Ben\u00edtes. , presidieron la Mesa de apertura y durante su discurso la Decana destac\u00f3 que: \u201cla realizaci\u00f3n de este coloquio expresa el resultado acad\u00e9mico de un largo esfuerzo institucional sostenido en el tiempo por parte del IIELA que, desde hace d\u00e9cadas, promueve investigaciones y reflexiones en torno a la producci\u00f3n discursiva en Am\u00e9rica Latina y sus relaciones con el mundo colonial, con la irrupci\u00f3n de la modernidad y la construcci\u00f3n de m\u00faltiples \u201cotros\u201d. Por otro lado tambi\u00e9n remarc\u00f3 la importancia de estos estudios en tanto que, al indagar sobre identidades colectivas a partir de un diverso y amplio corpus discursivo producido por cronistas, viajeros, poetas, juristas y funcionarios coloniales, echan nueva luz sobre el complejo proceso de formaci\u00f3n de nuestra identidad americana.<\/p>\n<p>El evento convoc\u00f3 a investigadores nacionales e internacionales abocados a los estudios coloniales latinoamericanos e interesados en problematizar, discutir e interrogar la materialidad y la circulaci\u00f3n (o censura) de numerosas textualidades, centrales o perif\u00e9ricas, en el corpus discursivo colonial latinoamericano y la configuraci\u00f3n textual de los sujetos de la lectura y escritura.<\/p>\n<p><a href=\"https:\/\/www.facebook.com\/filount\/posts\/487493728253172\" target=\"_blank\">Ver Fotos.-<\/a><\/p>\n","protected":false},"excerpt":{"rendered":"<p>Durante el 15 y el 16 de este mes se llev\u00f3 a cabo el Coloquio Internacional \u201cModernidad, colonialidad y escritura en Am\u00e9rica Latina\u201d en el Centro Cultural Alberto Roug\u00e9s. El mismo estuvo organizado por el Instituto Interdisciplinario de Estudios Latinoamericanos (IIELA \u2013 U.N.T.) y el PICT 2014-2127 \u201cMaterialidades, circuitos y [&hellip;]<\/p>\n","protected":false},"author":101013,"featured_media":1542,"comment_status":"closed","ping_status":"closed","sticky":false,"template":"","format":"standard","meta":{"footnotes":""},"categories":[8],"tags":[],"class_list":{"0":"post-1521","1":"post","2":"type-post","3":"status-publish","4":"format-standard","5":"has-post-thumbnail","6":"hentry","7":"category-eventos-academicos","9":"post-with-thumbnail","10":"post-with-thumbnail-large"},"_links":{"self":[{"href":"https:\/\/filo.unt.edu.ar\/noticias\/wp-json\/wp\/v2\/posts\/1521","targetHints":{"allow":["GET"]}}],"collection":[{"href":"https:\/\/filo.unt.edu.ar\/noticias\/wp-json\/wp\/v2\/posts"}],"about":[{"href":"https:\/\/filo.unt.edu.ar\/noticias\/wp-json\/wp\/v2\/types\/post"}],"author":[{"embeddable":true,"href":"https:\/\/filo.unt.edu.ar\/noticias\/wp-json\/wp\/v2\/users\/101013"}],"replies":[{"embeddable":true,"href":"https:\/\/filo.unt.edu.ar\/noticias\/wp-json\/wp\/v2\/comments?post=1521"}],"version-history":[{"count":2,"href":"https:\/\/filo.unt.edu.ar\/noticias\/wp-json\/wp\/v2\/posts\/1521\/revisions"}],"predecessor-version":[{"id":1541,"href":"https:\/\/filo.unt.edu.ar\/noticias\/wp-json\/wp\/v2\/posts\/1521\/revisions\/1541"}],"wp:featuredmedia":[{"embeddable":true,"href":"https:\/\/filo.unt.edu.ar\/noticias\/wp-json\/wp\/v2\/media\/1542"}],"wp:attachment":[{"href":"https:\/\/filo.unt.edu.ar\/noticias\/wp-json\/wp\/v2\/media?parent=1521"}],"wp:term":[{"taxonomy":"category","embeddable":true,"href":"https:\/\/filo.unt.edu.ar\/noticias\/wp-json\/wp\/v2\/categories?post=1521"},{"taxonomy":"post_tag","embeddable":true,"href":"https:\/\/filo.unt.edu.ar\/noticias\/wp-json\/wp\/v2\/tags?post=1521"}],"curies":[{"name":"wp","href":"https:\/\/api.w.org\/{rel}","templated":true}]}}