{"id":1406,"date":"2017-05-22T09:02:46","date_gmt":"2017-05-22T12:02:46","guid":{"rendered":"http:\/\/filo.unt.edu.ar\/noticias\/?p=1406"},"modified":"2017-06-01T12:34:04","modified_gmt":"2017-06-01T15:34:04","slug":"conferencia-del-embajador-de-corea-choo-jong-youn","status":"publish","type":"post","link":"https:\/\/filo.unt.edu.ar\/noticias\/2017\/05\/22\/conferencia-del-embajador-de-corea-choo-jong-youn\/","title":{"rendered":"Conferencia del Embajador de Corea, Choo, Jong- Youn"},"content":{"rendered":"<p>El jueves 18 de mayo, con un Sal\u00f3n de Actos colmado de alumnos del nivel secundario, estudiantes de la Carrera de Geograf\u00eda y aficionados de la cultura asi\u00e1tica, se llev\u00f3 a cabo la Conferencia del Sr. Embajador de la Rep\u00fablica de Corea, Choo, Jong- Youn, &#8220;Corea del Norte y la reunificaci\u00f3n de la Pen\u00ednsula Coreana&#8221;, organizada por el Centro de Estudios de Asia y \u00c1frica del Departamento de Geograf\u00eda.<!--more--><\/p>\n<p>La actividad comenz\u00f3 con la proyecci\u00f3n de la pel\u00edcula &#8220;J.S.A. Joint Secret Area&#8221; que brind\u00f3 un marco de la realidad actual que se vive en la Pen\u00ednsula: una situaci\u00f3n de tensi\u00f3n constante entre Corea del Norte y Corea del Sur. Luego del film, el Embajador de Corea del Sur enumer\u00f3 las principales caracter\u00edsticas pol\u00edticas, econ\u00f3micas, sociales y culturales de ambos pueblos para explicar la separaci\u00f3n que hay entre ellos. Sin embargo, al finalizar la descripci\u00f3n, plante\u00f3 la necesidad de una &#8220;reunificaci\u00f3n&#8221; puesto que tanto Corea del Norte como Corea del Sur poseen una misma raza, una misma lengua y una misma historia: &#8220;Las Constituciones de ambas partes no reconocen la divisi\u00f3n; el pueblo coreano en general quiere la reunificaci\u00f3n.&#8221; En este punto, destac\u00f3 la complementariedad de ambas regiones dado que &#8220;los recursos minerales y de mano de obra los tiene Corea del Norte mientras que, los recursos financieros y tecnol\u00f3gicos, los tiene Corea del Sur.&#8221;<\/p>\n<p>Choo, Jong-Youn, es diplom\u00e1tico de carrera y ha sido Embajador en Suecia, B\u00e9lgica, M\u00e9xico, representante en pa\u00edses de Am\u00e9rica Latina y ante las Naciones Unidas. Actualmente viaja recorriendo las provincias de Argentina para dar a conocer la situaci\u00f3n que atraviesa Corea en este momento, con la convicci\u00f3n de que concientizando al mundo sobre esta problem\u00e1tica, hay una posibilidad de cambio.  <\/p>\n<p><a href=\"https:\/\/www.facebook.com\/filount\/posts\/474249796244232\" target=\"_blank\">Ver \u00c1lbum de Fotos.-<\/a><\/p>\n","protected":false},"excerpt":{"rendered":"<p>El jueves 18 de mayo, con un Sal\u00f3n de Actos colmado de alumnos del nivel secundario, estudiantes de la Carrera de Geograf\u00eda y aficionados de la cultura asi\u00e1tica, se llev\u00f3 a cabo la Conferencia del Sr. Embajador de la Rep\u00fablica de Corea, Choo, Jong- Youn, &#8220;Corea del Norte y la [&hellip;]<\/p>\n","protected":false},"author":101013,"featured_media":1427,"comment_status":"closed","ping_status":"closed","sticky":false,"template":"","format":"standard","meta":{"footnotes":""},"categories":[6],"tags":[],"class_list":{"0":"post-1406","1":"post","2":"type-post","3":"status-publish","4":"format-standard","5":"has-post-thumbnail","6":"hentry","7":"category-extension","9":"post-with-thumbnail","10":"post-with-thumbnail-large"},"_links":{"self":[{"href":"https:\/\/filo.unt.edu.ar\/noticias\/wp-json\/wp\/v2\/posts\/1406","targetHints":{"allow":["GET"]}}],"collection":[{"href":"https:\/\/filo.unt.edu.ar\/noticias\/wp-json\/wp\/v2\/posts"}],"about":[{"href":"https:\/\/filo.unt.edu.ar\/noticias\/wp-json\/wp\/v2\/types\/post"}],"author":[{"embeddable":true,"href":"https:\/\/filo.unt.edu.ar\/noticias\/wp-json\/wp\/v2\/users\/101013"}],"replies":[{"embeddable":true,"href":"https:\/\/filo.unt.edu.ar\/noticias\/wp-json\/wp\/v2\/comments?post=1406"}],"version-history":[{"count":7,"href":"https:\/\/filo.unt.edu.ar\/noticias\/wp-json\/wp\/v2\/posts\/1406\/revisions"}],"predecessor-version":[{"id":1490,"href":"https:\/\/filo.unt.edu.ar\/noticias\/wp-json\/wp\/v2\/posts\/1406\/revisions\/1490"}],"wp:featuredmedia":[{"embeddable":true,"href":"https:\/\/filo.unt.edu.ar\/noticias\/wp-json\/wp\/v2\/media\/1427"}],"wp:attachment":[{"href":"https:\/\/filo.unt.edu.ar\/noticias\/wp-json\/wp\/v2\/media?parent=1406"}],"wp:term":[{"taxonomy":"category","embeddable":true,"href":"https:\/\/filo.unt.edu.ar\/noticias\/wp-json\/wp\/v2\/categories?post=1406"},{"taxonomy":"post_tag","embeddable":true,"href":"https:\/\/filo.unt.edu.ar\/noticias\/wp-json\/wp\/v2\/tags?post=1406"}],"curies":[{"name":"wp","href":"https:\/\/api.w.org\/{rel}","templated":true}]}}