{"id":1299,"date":"2017-04-27T11:39:42","date_gmt":"2017-04-27T14:39:42","guid":{"rendered":"http:\/\/filo.unt.edu.ar\/noticias\/?p=1299"},"modified":"2017-05-03T10:51:59","modified_gmt":"2017-05-03T13:51:59","slug":"miembros-del-proyecto-caminatas-historicas-visitan-santa-lucia","status":"publish","type":"post","link":"https:\/\/filo.unt.edu.ar\/noticias\/2017\/04\/27\/miembros-del-proyecto-caminatas-historicas-visitan-santa-lucia\/","title":{"rendered":"Miembros del Proyecto Caminatas Hist\u00f3ricas visitan Santa Luc\u00eda"},"content":{"rendered":"<div id=\"pl-1299\"  class=\"panel-layout\"><div id=\"pg-1299-0\"  class=\"panel-grid panel-no-style\"><div id=\"pgc-1299-0-0\"  class=\"panel-grid-cell\"><div id=\"panel-1299-0-0-0\" class=\"so-panel widget widget_black-studio-tinymce widget_black_studio_tinymce panel-first-child panel-last-child\" data-index=\"0\"><div class=\"textwidget\"><p>El martes 25 de abril, un grupo de los estudiantes que fueron gu\u00edas en las Caminatas Hist\u00f3ricas del Bicentenario, ofrecieron una charla taller en la Biblioteca Popular de la Comuna de Santa Luc\u00eda.<br \/>\n<\/p><\/div><\/div><\/div><\/div><\/div><p><a class=\"more-link\" href=\"https:\/\/filo.unt.edu.ar\/noticias\/2017\/04\/27\/miembros-del-proyecto-caminatas-historicas-visitan-santa-lucia\/\">Continuar leyendo<span class=\"meta-nav\">&rarr;<\/span><\/a><\/p>","protected":false},"excerpt":{"rendered":"<p>El martes 25 de abril, un grupo de los estudiantes que fueron gu\u00edas en las Caminatas Hist\u00f3ricas del Bicentenario, ofrecieron una charla taller en la Biblioteca Popular de la Comuna de Santa Luc\u00eda. En el marco del Curso \u201cGu\u00eda de turismo comunitario\u201d que ofrece el Centro de Formaci\u00f3n Profesional \u201cEn [&hellip;]<\/p>\n","protected":false},"author":3,"featured_media":1320,"comment_status":"closed","ping_status":"closed","sticky":false,"template":"","format":"standard","meta":{"footnotes":""},"categories":[6],"tags":[],"class_list":{"0":"post-1299","1":"post","2":"type-post","3":"status-publish","4":"format-standard","5":"has-post-thumbnail","6":"hentry","7":"category-extension","9":"post-with-thumbnail","10":"post-with-thumbnail-large"},"_links":{"self":[{"href":"https:\/\/filo.unt.edu.ar\/noticias\/wp-json\/wp\/v2\/posts\/1299","targetHints":{"allow":["GET"]}}],"collection":[{"href":"https:\/\/filo.unt.edu.ar\/noticias\/wp-json\/wp\/v2\/posts"}],"about":[{"href":"https:\/\/filo.unt.edu.ar\/noticias\/wp-json\/wp\/v2\/types\/post"}],"author":[{"embeddable":true,"href":"https:\/\/filo.unt.edu.ar\/noticias\/wp-json\/wp\/v2\/users\/3"}],"replies":[{"embeddable":true,"href":"https:\/\/filo.unt.edu.ar\/noticias\/wp-json\/wp\/v2\/comments?post=1299"}],"version-history":[{"count":13,"href":"https:\/\/filo.unt.edu.ar\/noticias\/wp-json\/wp\/v2\/posts\/1299\/revisions"}],"predecessor-version":[{"id":1321,"href":"https:\/\/filo.unt.edu.ar\/noticias\/wp-json\/wp\/v2\/posts\/1299\/revisions\/1321"}],"wp:featuredmedia":[{"embeddable":true,"href":"https:\/\/filo.unt.edu.ar\/noticias\/wp-json\/wp\/v2\/media\/1320"}],"wp:attachment":[{"href":"https:\/\/filo.unt.edu.ar\/noticias\/wp-json\/wp\/v2\/media?parent=1299"}],"wp:term":[{"taxonomy":"category","embeddable":true,"href":"https:\/\/filo.unt.edu.ar\/noticias\/wp-json\/wp\/v2\/categories?post=1299"},{"taxonomy":"post_tag","embeddable":true,"href":"https:\/\/filo.unt.edu.ar\/noticias\/wp-json\/wp\/v2\/tags?post=1299"}],"curies":[{"name":"wp","href":"https:\/\/api.w.org\/{rel}","templated":true}]}}