{"id":1202,"date":"2017-05-02T11:53:58","date_gmt":"2017-05-02T14:53:58","guid":{"rendered":"http:\/\/filo.unt.edu.ar\/noticias\/?p=1202"},"modified":"2017-05-02T14:46:25","modified_gmt":"2017-05-02T17:46:25","slug":"conferencia-de-pablo-pineau-en-el-ciclo-universidad-politica-y-territorio","status":"publish","type":"post","link":"https:\/\/filo.unt.edu.ar\/noticias\/2017\/05\/02\/conferencia-de-pablo-pineau-en-el-ciclo-universidad-politica-y-territorio\/","title":{"rendered":"Conferencia de Pablo Pineau en el Ciclo &#8220;Universidad, Pol\u00edtica y Territorio&#8221;"},"content":{"rendered":"<div id=\"pl-1202\"  class=\"panel-layout\"><div id=\"pg-1202-0\"  class=\"panel-grid panel-no-style\"><div id=\"pgc-1202-0-0\"  class=\"panel-grid-cell\"><div id=\"panel-1202-0-0-0\" class=\"so-panel widget widget_sow-editor panel-first-child panel-last-child\" data-index=\"0\"><div\n\t\t\t\n\t\t\tclass=\"so-widget-sow-editor so-widget-sow-editor-base\">\n<div class=\"siteorigin-widget-tinymce textwidget\">\n\t<p>Nuevamente el Ciclo de Conferencias \"Universidad, pol\u00edtica y territorio\" llen\u00f3 el Sal\u00f3n de Actos. En esta oportunidad fue con la disertaci\u00f3n del Master en Ciencias Sociales, Pablo Pineau, \"Otra vez sopa: infancias y escuela en Mafalda\" que hizo\u00a0reflexionar, a trav\u00e9s de la emoci\u00f3n, a un p\u00fablico que disfrut\u00f3 cada minuto de la\u00a0charla.<br \/> <\/p><\/div><\/div><\/div><\/div><\/div><\/div><p><a class=\"more-link\" href=\"https:\/\/filo.unt.edu.ar\/noticias\/2017\/05\/02\/conferencia-de-pablo-pineau-en-el-ciclo-universidad-politica-y-territorio\/\">Continuar leyendo<span class=\"meta-nav\">&rarr;<\/span><\/a><\/p>","protected":false},"excerpt":{"rendered":"<p>Nuevamente el Ciclo de Conferencias &#8220;Universidad, pol\u00edtica y territorio&#8221; llen\u00f3 el Sal\u00f3n de Actos. En esta oportunidad fue con la disertaci\u00f3n del Master en Ciencias Sociales, Pablo Pineau, &#8220;Otra vez sopa: infancias y escuela en Mafalda&#8221; que hizo\u00a0reflexionar, a trav\u00e9s de la emoci\u00f3n, a un p\u00fablico que disfrut\u00f3 cada minuto [&hellip;]<\/p>\n","protected":false},"author":101013,"featured_media":1288,"comment_status":"closed","ping_status":"closed","sticky":false,"template":"","format":"standard","meta":{"footnotes":""},"categories":[8,6],"tags":[],"class_list":{"0":"post-1202","1":"post","2":"type-post","3":"status-publish","4":"format-standard","5":"has-post-thumbnail","6":"hentry","7":"category-eventos-academicos","8":"category-extension","10":"post-with-thumbnail","11":"post-with-thumbnail-large"},"_links":{"self":[{"href":"https:\/\/filo.unt.edu.ar\/noticias\/wp-json\/wp\/v2\/posts\/1202","targetHints":{"allow":["GET"]}}],"collection":[{"href":"https:\/\/filo.unt.edu.ar\/noticias\/wp-json\/wp\/v2\/posts"}],"about":[{"href":"https:\/\/filo.unt.edu.ar\/noticias\/wp-json\/wp\/v2\/types\/post"}],"author":[{"embeddable":true,"href":"https:\/\/filo.unt.edu.ar\/noticias\/wp-json\/wp\/v2\/users\/101013"}],"replies":[{"embeddable":true,"href":"https:\/\/filo.unt.edu.ar\/noticias\/wp-json\/wp\/v2\/comments?post=1202"}],"version-history":[{"count":27,"href":"https:\/\/filo.unt.edu.ar\/noticias\/wp-json\/wp\/v2\/posts\/1202\/revisions"}],"predecessor-version":[{"id":1379,"href":"https:\/\/filo.unt.edu.ar\/noticias\/wp-json\/wp\/v2\/posts\/1202\/revisions\/1379"}],"wp:featuredmedia":[{"embeddable":true,"href":"https:\/\/filo.unt.edu.ar\/noticias\/wp-json\/wp\/v2\/media\/1288"}],"wp:attachment":[{"href":"https:\/\/filo.unt.edu.ar\/noticias\/wp-json\/wp\/v2\/media?parent=1202"}],"wp:term":[{"taxonomy":"category","embeddable":true,"href":"https:\/\/filo.unt.edu.ar\/noticias\/wp-json\/wp\/v2\/categories?post=1202"},{"taxonomy":"post_tag","embeddable":true,"href":"https:\/\/filo.unt.edu.ar\/noticias\/wp-json\/wp\/v2\/tags?post=1202"}],"curies":[{"name":"wp","href":"https:\/\/api.w.org\/{rel}","templated":true}]}}