{"id":1122,"date":"2017-03-29T11:29:48","date_gmt":"2017-03-29T14:29:48","guid":{"rendered":"http:\/\/filo.unt.edu.ar\/noticias\/?p=1122"},"modified":"2017-04-24T11:08:27","modified_gmt":"2017-04-24T14:08:27","slug":"homenaje-al-periodista-y-escritor-dardo-nofal","status":"publish","type":"post","link":"https:\/\/filo.unt.edu.ar\/noticias\/2017\/03\/29\/homenaje-al-periodista-y-escritor-dardo-nofal\/","title":{"rendered":"Homenaje al periodista y escritor Dardo Nofal"},"content":{"rendered":"<div id=\"pl-1122\"  class=\"panel-layout\"><div id=\"pg-1122-0\"  class=\"panel-grid panel-no-style\"><div id=\"pgc-1122-0-0\"  class=\"panel-grid-cell\"><div id=\"panel-1122-0-0-0\" class=\"so-panel widget widget_black-studio-tinymce widget_black_studio_tinymce panel-first-child panel-last-child\" data-index=\"0\"><div class=\"textwidget\"><p>El lunes 27 de marzo, se llev\u00f3 a cabo un Homenaje al periodista y escritor tucumano Dardo Nofal.<\/p>\n<p>Con el Auspicio de la Secretar\u00eda de Extensi\u00f3n de la UNT, la c\u00e1tedra de Literatura Argentina I\u00a0 de la Facultad organiz\u00f3 un Homenaje a Dardo Nofal, a trav\u00e9s de la lectura de fragmento de sus obras y el testimonio de colegas, que dieron cuenta de su estatura period\u00edstica y literaria, expresada en su trayectoria y obras.<\/p>\n<p><\/p><\/div><\/div><\/div><\/div><\/div><p><a class=\"more-link\" href=\"https:\/\/filo.unt.edu.ar\/noticias\/2017\/03\/29\/homenaje-al-periodista-y-escritor-dardo-nofal\/\">Continuar leyendo<span class=\"meta-nav\">&rarr;<\/span><\/a><\/p>","protected":false},"excerpt":{"rendered":"<p>El lunes 27 de marzo, se llev\u00f3 a cabo un Homenaje al periodista y escritor tucumano Dardo Nofal.Con el Auspicio de la Secretar\u00eda de Extensi\u00f3n de la UNT, la c\u00e1tedra de Literatura Argentina I\u00a0 de la Facultad organiz\u00f3 un Homenaje a Dardo Nofal, a trav\u00e9s de la lectura de fragmento [&hellip;]<\/p>\n","protected":false},"author":3,"featured_media":1127,"comment_status":"closed","ping_status":"closed","sticky":false,"template":"","format":"standard","meta":{"footnotes":""},"categories":[6],"tags":[],"class_list":{"0":"post-1122","1":"post","2":"type-post","3":"status-publish","4":"format-standard","5":"has-post-thumbnail","6":"hentry","7":"category-extension","9":"post-with-thumbnail","10":"post-with-thumbnail-large"},"_links":{"self":[{"href":"https:\/\/filo.unt.edu.ar\/noticias\/wp-json\/wp\/v2\/posts\/1122","targetHints":{"allow":["GET"]}}],"collection":[{"href":"https:\/\/filo.unt.edu.ar\/noticias\/wp-json\/wp\/v2\/posts"}],"about":[{"href":"https:\/\/filo.unt.edu.ar\/noticias\/wp-json\/wp\/v2\/types\/post"}],"author":[{"embeddable":true,"href":"https:\/\/filo.unt.edu.ar\/noticias\/wp-json\/wp\/v2\/users\/3"}],"replies":[{"embeddable":true,"href":"https:\/\/filo.unt.edu.ar\/noticias\/wp-json\/wp\/v2\/comments?post=1122"}],"version-history":[{"count":4,"href":"https:\/\/filo.unt.edu.ar\/noticias\/wp-json\/wp\/v2\/posts\/1122\/revisions"}],"predecessor-version":[{"id":1167,"href":"https:\/\/filo.unt.edu.ar\/noticias\/wp-json\/wp\/v2\/posts\/1122\/revisions\/1167"}],"wp:featuredmedia":[{"embeddable":true,"href":"https:\/\/filo.unt.edu.ar\/noticias\/wp-json\/wp\/v2\/media\/1127"}],"wp:attachment":[{"href":"https:\/\/filo.unt.edu.ar\/noticias\/wp-json\/wp\/v2\/media?parent=1122"}],"wp:term":[{"taxonomy":"category","embeddable":true,"href":"https:\/\/filo.unt.edu.ar\/noticias\/wp-json\/wp\/v2\/categories?post=1122"},{"taxonomy":"post_tag","embeddable":true,"href":"https:\/\/filo.unt.edu.ar\/noticias\/wp-json\/wp\/v2\/tags?post=1122"}],"curies":[{"name":"wp","href":"https:\/\/api.w.org\/{rel}","templated":true}]}}