{"id":1024,"date":"2017-03-15T11:59:25","date_gmt":"2017-03-15T14:59:25","guid":{"rendered":"http:\/\/filo.unt.edu.ar\/noticias\/?p=1024"},"modified":"2017-04-05T15:29:28","modified_gmt":"2017-04-05T18:29:28","slug":"muestra-fotografica-nuestras-luchas","status":"publish","type":"post","link":"https:\/\/filo.unt.edu.ar\/noticias\/2017\/03\/15\/muestra-fotografica-nuestras-luchas\/","title":{"rendered":"Muestra Fotogr\u00e1fica &#8220;Nuestras Luchas&#8221;"},"content":{"rendered":"<div id=\"pl-1024\"  class=\"panel-layout\"><div id=\"pg-1024-0\"  class=\"panel-grid panel-no-style\"><div id=\"pgc-1024-0-0\"  class=\"panel-grid-cell\"><div id=\"panel-1024-0-0-0\" class=\"so-panel widget widget_sow-editor panel-first-child panel-last-child\" data-index=\"0\"><div\n\t\t\t\n\t\t\tclass=\"so-widget-sow-editor so-widget-sow-editor-base\">\n<div class=\"siteorigin-widget-tinymce textwidget\">\n\t<div id=\"m_2998801422001646108yui_3_16_0_1_1490882417894_23178\" dir=\"ltr\"><span id=\"m_2998801422001646108yui_3_16_0_1_1490882417894_23413\">Durante el jueves 2 y el viernes 3 de marzo, la Seccional Filosof\u00eda y Letras de la ADIUNT realiz\u00f3 una Muestra Fotogr\u00e1fica en la que\u00a0docentes, estudiantes, egresados y profesionales en general participaron mostrando producciones que registraban diversas instancias de lucha y movilizaci\u00f3n.\u00a0<\/span><\/div>\n<p><\/p><\/div><\/div><\/div><\/div><\/div><\/div><p><a class=\"more-link\" href=\"https:\/\/filo.unt.edu.ar\/noticias\/2017\/03\/15\/muestra-fotografica-nuestras-luchas\/\">Continuar leyendo<span class=\"meta-nav\">&rarr;<\/span><\/a><\/p>","protected":false},"excerpt":{"rendered":"<p>Durante el jueves 2 y el viernes 3 de marzo, la Seccional Filosof\u00eda y Letras de la ADIUNT realiz\u00f3 una Muestra Fotogr\u00e1fica en la que\u00a0docentes, estudiantes, egresados y profesionales en general participaron mostrando producciones que registraban diversas instancias de lucha y movilizaci\u00f3n.\u00a0\u00a0La profesora Ana Coviello manifest\u00f3 que la idea hab\u00eda [&hellip;]<\/p>\n","protected":false},"author":101013,"featured_media":1037,"comment_status":"closed","ping_status":"closed","sticky":false,"template":"","format":"standard","meta":{"footnotes":""},"categories":[6],"tags":[],"class_list":{"0":"post-1024","1":"post","2":"type-post","3":"status-publish","4":"format-standard","5":"has-post-thumbnail","6":"hentry","7":"category-extension","9":"post-with-thumbnail","10":"post-with-thumbnail-large"},"_links":{"self":[{"href":"https:\/\/filo.unt.edu.ar\/noticias\/wp-json\/wp\/v2\/posts\/1024","targetHints":{"allow":["GET"]}}],"collection":[{"href":"https:\/\/filo.unt.edu.ar\/noticias\/wp-json\/wp\/v2\/posts"}],"about":[{"href":"https:\/\/filo.unt.edu.ar\/noticias\/wp-json\/wp\/v2\/types\/post"}],"author":[{"embeddable":true,"href":"https:\/\/filo.unt.edu.ar\/noticias\/wp-json\/wp\/v2\/users\/101013"}],"replies":[{"embeddable":true,"href":"https:\/\/filo.unt.edu.ar\/noticias\/wp-json\/wp\/v2\/comments?post=1024"}],"version-history":[{"count":12,"href":"https:\/\/filo.unt.edu.ar\/noticias\/wp-json\/wp\/v2\/posts\/1024\/revisions"}],"predecessor-version":[{"id":1176,"href":"https:\/\/filo.unt.edu.ar\/noticias\/wp-json\/wp\/v2\/posts\/1024\/revisions\/1176"}],"wp:featuredmedia":[{"embeddable":true,"href":"https:\/\/filo.unt.edu.ar\/noticias\/wp-json\/wp\/v2\/media\/1037"}],"wp:attachment":[{"href":"https:\/\/filo.unt.edu.ar\/noticias\/wp-json\/wp\/v2\/media?parent=1024"}],"wp:term":[{"taxonomy":"category","embeddable":true,"href":"https:\/\/filo.unt.edu.ar\/noticias\/wp-json\/wp\/v2\/categories?post=1024"},{"taxonomy":"post_tag","embeddable":true,"href":"https:\/\/filo.unt.edu.ar\/noticias\/wp-json\/wp\/v2\/tags?post=1024"}],"curies":[{"name":"wp","href":"https:\/\/api.w.org\/{rel}","templated":true}]}}