{"id":10038,"date":"2023-11-17T19:50:39","date_gmt":"2023-11-17T22:50:39","guid":{"rendered":"http:\/\/filo.unt.edu.ar\/noticias\/?p=10038"},"modified":"2023-12-12T01:19:19","modified_gmt":"2023-12-12T04:19:19","slug":"viaje-de-estudio-de-estudiantes-de-geografia","status":"publish","type":"post","link":"https:\/\/filo.unt.edu.ar\/noticias\/2023\/11\/17\/viaje-de-estudio-de-estudiantes-de-geografia\/","title":{"rendered":"Viaje de estudio de estudiantes de Geograf\u00eda"},"content":{"rendered":"<p>Los d\u00edas jueves 16 y viernes 17 estudiantes de 4to a\u00f1o del Profesorado en Geograf\u00eda realizaron un viaje de estudios a la ciudad de Cafayate, provincia de Salta, a cargo de las profesoras Carolina Mansilla, F\u00e1tima Figueroa Su\u00e1rez y Luciana Abella.<\/p>\n<p>Esta salida est\u00e1 prevista en el marco de la asignatura \u201cTaller integrador desde la investigaci\u00f3n geogr\u00e1fica\u201d que prev\u00e9, de acuerdo al plan de estudios vigente, un viaje de estudio obligatorio y tiene como principal objetivo generar un espacio que permita la integraci\u00f3n de los saberes geogr\u00e1ficos adquiridos en los tres primeros a\u00f1os de la carrera; y permitir a las y los estudiantes iniciar la pr\u00e1ctica de la investigaci\u00f3n en geograf\u00eda que promueva la reconstrucci\u00f3n cr\u00edtica de las problem\u00e1ticas geogr\u00e1ficas.<\/p>\n<p>Como etapa final los estudiantes deben elaborar un proyecto de investigaci\u00f3n geogr\u00e1fica que aborde las situaciones problem\u00e1ticas del contexto visitado desde distintas \u00e1reas del saber geogr\u00e1fico.<\/p>\n<p><a href=\"https:\/\/www.facebook.com\/filount\/posts\/pfbid031wmEkgXujVF3iThBYgpcAPhV8Wkp9jNADXfanSZjiSEacsYsqjYpeN9ch8KezNEBl\" target=\"_blank\" rel=\"noopener\">Ver fotos<\/a><\/p>\n","protected":false},"excerpt":{"rendered":"<p>Los d\u00edas jueves 16 y viernes 17 estudiantes de 4to a\u00f1o del Profesorado en Geograf\u00eda realizaron un viaje de estudios a la ciudad de Cafayate, provincia de Salta, a cargo de las profesoras Carolina Mansilla, F\u00e1tima Figueroa Su\u00e1rez y Luciana Abella. Esta salida est\u00e1 prevista en el marco de la [&hellip;]<\/p>\n","protected":false},"author":3,"featured_media":10039,"comment_status":"closed","ping_status":"closed","sticky":false,"template":"","format":"standard","meta":{"footnotes":""},"categories":[34,8],"tags":[],"class_list":{"0":"post-10038","1":"post","2":"type-post","3":"status-publish","4":"format-standard","5":"has-post-thumbnail","6":"hentry","7":"category-catedras","8":"category-eventos-academicos","10":"post-with-thumbnail","11":"post-with-thumbnail-large"},"_links":{"self":[{"href":"https:\/\/filo.unt.edu.ar\/noticias\/wp-json\/wp\/v2\/posts\/10038","targetHints":{"allow":["GET"]}}],"collection":[{"href":"https:\/\/filo.unt.edu.ar\/noticias\/wp-json\/wp\/v2\/posts"}],"about":[{"href":"https:\/\/filo.unt.edu.ar\/noticias\/wp-json\/wp\/v2\/types\/post"}],"author":[{"embeddable":true,"href":"https:\/\/filo.unt.edu.ar\/noticias\/wp-json\/wp\/v2\/users\/3"}],"replies":[{"embeddable":true,"href":"https:\/\/filo.unt.edu.ar\/noticias\/wp-json\/wp\/v2\/comments?post=10038"}],"version-history":[{"count":2,"href":"https:\/\/filo.unt.edu.ar\/noticias\/wp-json\/wp\/v2\/posts\/10038\/revisions"}],"predecessor-version":[{"id":10075,"href":"https:\/\/filo.unt.edu.ar\/noticias\/wp-json\/wp\/v2\/posts\/10038\/revisions\/10075"}],"wp:featuredmedia":[{"embeddable":true,"href":"https:\/\/filo.unt.edu.ar\/noticias\/wp-json\/wp\/v2\/media\/10039"}],"wp:attachment":[{"href":"https:\/\/filo.unt.edu.ar\/noticias\/wp-json\/wp\/v2\/media?parent=10038"}],"wp:term":[{"taxonomy":"category","embeddable":true,"href":"https:\/\/filo.unt.edu.ar\/noticias\/wp-json\/wp\/v2\/categories?post=10038"},{"taxonomy":"post_tag","embeddable":true,"href":"https:\/\/filo.unt.edu.ar\/noticias\/wp-json\/wp\/v2\/tags?post=10038"}],"curies":[{"name":"wp","href":"https:\/\/api.w.org\/{rel}","templated":true}]}}