{"id":10011,"date":"2023-11-28T12:33:21","date_gmt":"2023-11-28T15:33:21","guid":{"rendered":"http:\/\/filo.unt.edu.ar\/noticias\/?p=10011"},"modified":"2023-12-12T00:52:21","modified_gmt":"2023-12-12T03:52:21","slug":"5-encuentro-de-practicas-pre-profesionales-de-trabajo-social","status":"publish","type":"post","link":"https:\/\/filo.unt.edu.ar\/noticias\/2023\/11\/28\/5-encuentro-de-practicas-pre-profesionales-de-trabajo-social\/","title":{"rendered":"5\u00b0 Encuentro de Pr\u00e1cticas Pre Profesionales de Trabajo Social"},"content":{"rendered":"<p>El martes 28 de noviembre, el Anfiteatro 1 de la Facultad, fue el lugar elegido para\u00a0 el 5\u00b0 Encuentro de las Pr\u00e1cticas Pre Profesionales de Trabajo Social. La jornada reuni\u00f3 a estudiantes, docentes y referentes comunitarios en un espacio de reflexi\u00f3n y celebraci\u00f3n.<\/p>\n<p>El evento comenz\u00f3 con las palabras de Bibi Sibaldi, vicedecana de la Facultad, quien comparti\u00f3 el escenario con Cecilia Nacusse, directora del Departamento de Trabajo Social, y Guadalupe Soria Rivero, docente de la carrera. Guadalupe present\u00f3 un reflexivo documento escrito por las diferentes c\u00e1tedras, estableciendo un tono introspectivo y significativo para el encuentro.<\/p>\n<p>Este encuentro, enmarcado en la preparaci\u00f3n para el D\u00eda del Trabajo Social en Argentina, celebrado el 10 de diciembre, proporcion\u00f3 a cada c\u00e1tedra la oportunidad de presentar creativamente los aprendizajes construidos con personas, grupos, comunidades e instituciones. Las presentaciones incluyeron: Kermes de Pr\u00e1ctica de los recursos de la Comunidad (2do a\u00f1o), Muestra Fotogr\u00e1fica de Pr\u00e1ctica de Trabajo Social con Grupos (3er a\u00f1o), Muestra Fotogr\u00e1fica a 40 a\u00f1os de Democracia &#8211; Pr\u00e1ctica de Trabajo Social Comunitario (4to A\u00f1o), Proyecci\u00f3n Audiovisual de experiencias de la Pr\u00e1ctica de Trabajo Social Familiar (5to A\u00f1o),\u00a0 y la presentaci\u00f3n de un manifiesto colectivo sobre sentires de estudiantes sobre sus pr\u00e1cticas pre profesionales.<\/p>\n<p>Cecilia Nacusse, en sus declaraciones, destac\u00f3 la importancia de este espacio para poner en valor la tarea realizada en medio de la complejidad y diversidad de acciones implementadas para abordar problem\u00e1ticas multidimensionales.\u00a0 Subray\u00f3 la intensidad y potencia de los abordajes desde el proceso de ense\u00f1anza-aprendizaje, reconociendo el compromiso de los equipos de c\u00e1tedra.<\/p>\n<p>Nacusse plante\u00f3 preguntas fundamentales sobre el presente y el futuro del Trabajo Social, reconociendo la heterogeneidad del espacio profesional y la necesidad de comprender las tensiones actuales. Desde el compromiso con la justicia social, la emancipaci\u00f3n y los derechos humanos, hizo un llamado a mirar el escenario desde un trabajo social \u00e9tico y pol\u00edtico. Asimismo, enfatiz\u00f3 la importancia de la comprensi\u00f3n problematizadora y el ejercicio de sentipensar las tensiones sociales, pol\u00edticas y econ\u00f3micas actuales. Plante\u00f3 preguntas cruciales sobre la democracia en los espacios que habitamos y abog\u00f3 por la construcci\u00f3n de espacios de participaci\u00f3n popular con potencia cr\u00edtica.<\/p>\n<p>Este 5\u00b0 Encuentro no s\u00f3lo fue un espacio de presentaci\u00f3n de aprendizajes y pr\u00e1cticas, sino tambi\u00e9n un momento de reflexi\u00f3n profunda sobre el papel crucial del Trabajo Social en la sociedad actual. Los desaf\u00edos planteados por Nacusse marcan un compromiso colectivo hacia un futuro \u00e9tico y pol\u00edtico, que consolida el impacto positivo de esta disciplina en la construcci\u00f3n de una sociedad m\u00e1s justa y equitativa.<\/p>\n<p><a href=\"https:\/\/www.facebook.com\/filount\/posts\/pfbid035icwtq2GBeTZwpmuzZNXbHUkPhKsACYPzNLC1B9fujGZSqZ1U3X5WHegbZgAymdkl\" target=\"_blank\" rel=\"noopener\">VER FOTOS.-<\/a><\/p>\n","protected":false},"excerpt":{"rendered":"<p>El martes 28 de noviembre, el Anfiteatro 1 de la Facultad, fue el lugar elegido para\u00a0 el 5\u00b0 Encuentro de las Pr\u00e1cticas Pre Profesionales de Trabajo Social. La jornada reuni\u00f3 a estudiantes, docentes y referentes comunitarios en un espacio de reflexi\u00f3n y celebraci\u00f3n. El evento comenz\u00f3 con las palabras de [&hellip;]<\/p>\n","protected":false},"author":101021,"featured_media":10012,"comment_status":"closed","ping_status":"closed","sticky":false,"template":"","format":"standard","meta":{"footnotes":""},"categories":[34,8,6,31],"tags":[],"class_list":{"0":"post-10011","1":"post","2":"type-post","3":"status-publish","4":"format-standard","5":"has-post-thumbnail","6":"hentry","7":"category-catedras","8":"category-eventos-academicos","9":"category-extension","10":"category-formacion-docente","12":"post-with-thumbnail","13":"post-with-thumbnail-large"},"_links":{"self":[{"href":"https:\/\/filo.unt.edu.ar\/noticias\/wp-json\/wp\/v2\/posts\/10011","targetHints":{"allow":["GET"]}}],"collection":[{"href":"https:\/\/filo.unt.edu.ar\/noticias\/wp-json\/wp\/v2\/posts"}],"about":[{"href":"https:\/\/filo.unt.edu.ar\/noticias\/wp-json\/wp\/v2\/types\/post"}],"author":[{"embeddable":true,"href":"https:\/\/filo.unt.edu.ar\/noticias\/wp-json\/wp\/v2\/users\/101021"}],"replies":[{"embeddable":true,"href":"https:\/\/filo.unt.edu.ar\/noticias\/wp-json\/wp\/v2\/comments?post=10011"}],"version-history":[{"count":3,"href":"https:\/\/filo.unt.edu.ar\/noticias\/wp-json\/wp\/v2\/posts\/10011\/revisions"}],"predecessor-version":[{"id":10062,"href":"https:\/\/filo.unt.edu.ar\/noticias\/wp-json\/wp\/v2\/posts\/10011\/revisions\/10062"}],"wp:featuredmedia":[{"embeddable":true,"href":"https:\/\/filo.unt.edu.ar\/noticias\/wp-json\/wp\/v2\/media\/10012"}],"wp:attachment":[{"href":"https:\/\/filo.unt.edu.ar\/noticias\/wp-json\/wp\/v2\/media?parent=10011"}],"wp:term":[{"taxonomy":"category","embeddable":true,"href":"https:\/\/filo.unt.edu.ar\/noticias\/wp-json\/wp\/v2\/categories?post=10011"},{"taxonomy":"post_tag","embeddable":true,"href":"https:\/\/filo.unt.edu.ar\/noticias\/wp-json\/wp\/v2\/tags?post=10011"}],"curies":[{"name":"wp","href":"https:\/\/api.w.org\/{rel}","templated":true}]}}