{"id":10000,"date":"2023-11-21T11:34:47","date_gmt":"2023-11-21T14:34:47","guid":{"rendered":"http:\/\/filo.unt.edu.ar\/noticias\/?p=10000"},"modified":"2023-12-12T01:29:21","modified_gmt":"2023-12-12T04:29:21","slug":"segunda-jornada-de-estudiantes-de-frances","status":"publish","type":"post","link":"https:\/\/filo.unt.edu.ar\/noticias\/2023\/11\/21\/segunda-jornada-de-estudiantes-de-frances\/","title":{"rendered":"Segunda Jornada de Estudiantes de Franc\u00e9s"},"content":{"rendered":"<p>El 21 de noviembre se realiz\u00f3 la Segunda Jornada de Estudiantes de Franc\u00e9s organizada por los estudiantes y egresados\/as de la mencionada carrera. El encuentro reuni\u00f3 a participantes de diversas instituciones de nivel superior que compartieron experiencias y fortalecieron v\u00ednculos en el \u00e1mbito acad\u00e9mico.<\/p>\n<p>La Jornada, concebida con el prop\u00f3sito de profundizar en conocimientos acad\u00e9micos, pedag\u00f3gicos y did\u00e1cticos, es un espacio de intercambio invaluable. Las y los estudiantes fueron parte de un ambiente\u00a0 repleto de novedades, desaf\u00edos y debates relacionados con el aprendizaje\/ense\u00f1anza del franc\u00e9s como lengua extranjera.<\/p>\n<p>La directora del Departamento de Franc\u00e9s, Prof. Elena Hern\u00e1ndez, destac\u00f3 la participaci\u00f3n activa de los delegados estudiantiles. &#8220;Su compromiso con la diversidad cultural y ling\u00fc\u00edstica se manifest\u00f3 a trav\u00e9s de las diversas actividades propuestas para generar vaso comunicantes en las Carreras de Profesorado y Licenciatura en Franc\u00e9s&#8221;.<\/p>\n<p>Un componente destacado de la jornada fue el &#8220;Caf\u00e9 d\u00e9bat&#8221;, donde se abri\u00f3 el debate sobre el nuevo rol de las y los docentes e investigadores de Franc\u00e9s. Se exploraron las caracter\u00edsticas que deben reunir frente a los desaf\u00edos contempor\u00e1neos, generando una reflexi\u00f3n colectiva sobre la evoluci\u00f3n de la pedagog\u00eda en este campo.<\/p>\n<p>Quienes estuvieron a cargo de la organizaci\u00f3n destacaron que la jornada alcanz\u00f3 con \u00e9xito sus objetivos, brindando un espacio de encuentro a estudiantes avanzados y principiantes. &#8220;Los participantes se sumergieron en presentaciones de ponencias y ateliers, abordando \u00e1reas de conocimiento como la ling\u00fc\u00edstica, la literatura, la fon\u00e9tica, entre otras, propiciando preguntas y discusiones constructivas.&#8221;<\/p>\n<p>La jornada no solo sirvi\u00f3 como plataforma para el intercambio acad\u00e9mico, sino tambi\u00e9n para visibilizar las m\u00faltiples oportunidades en el vasto campo laboral de Licenciados\/as y Profesores\/as en Franc\u00e9s.<\/p>\n","protected":false},"excerpt":{"rendered":"<p>El 21 de noviembre se realiz\u00f3 la Segunda Jornada de Estudiantes de Franc\u00e9s organizada por los estudiantes y egresados\/as de la mencionada carrera. El encuentro reuni\u00f3 a participantes de diversas instituciones de nivel superior que compartieron experiencias y fortalecieron v\u00ednculos en el \u00e1mbito acad\u00e9mico. La Jornada, concebida con el prop\u00f3sito [&hellip;]<\/p>\n","protected":false},"author":101021,"featured_media":10002,"comment_status":"closed","ping_status":"closed","sticky":false,"template":"","format":"standard","meta":{"footnotes":""},"categories":[34,19,8,1],"tags":[],"class_list":{"0":"post-10000","1":"post","2":"type-post","3":"status-publish","4":"format-standard","5":"has-post-thumbnail","6":"hentry","7":"category-catedras","8":"category-departamentos","9":"category-eventos-academicos","10":"category-uncategorized","12":"post-with-thumbnail","13":"post-with-thumbnail-large"},"_links":{"self":[{"href":"https:\/\/filo.unt.edu.ar\/noticias\/wp-json\/wp\/v2\/posts\/10000","targetHints":{"allow":["GET"]}}],"collection":[{"href":"https:\/\/filo.unt.edu.ar\/noticias\/wp-json\/wp\/v2\/posts"}],"about":[{"href":"https:\/\/filo.unt.edu.ar\/noticias\/wp-json\/wp\/v2\/types\/post"}],"author":[{"embeddable":true,"href":"https:\/\/filo.unt.edu.ar\/noticias\/wp-json\/wp\/v2\/users\/101021"}],"replies":[{"embeddable":true,"href":"https:\/\/filo.unt.edu.ar\/noticias\/wp-json\/wp\/v2\/comments?post=10000"}],"version-history":[{"count":2,"href":"https:\/\/filo.unt.edu.ar\/noticias\/wp-json\/wp\/v2\/posts\/10000\/revisions"}],"predecessor-version":[{"id":10053,"href":"https:\/\/filo.unt.edu.ar\/noticias\/wp-json\/wp\/v2\/posts\/10000\/revisions\/10053"}],"wp:featuredmedia":[{"embeddable":true,"href":"https:\/\/filo.unt.edu.ar\/noticias\/wp-json\/wp\/v2\/media\/10002"}],"wp:attachment":[{"href":"https:\/\/filo.unt.edu.ar\/noticias\/wp-json\/wp\/v2\/media?parent=10000"}],"wp:term":[{"taxonomy":"category","embeddable":true,"href":"https:\/\/filo.unt.edu.ar\/noticias\/wp-json\/wp\/v2\/categories?post=10000"},{"taxonomy":"post_tag","embeddable":true,"href":"https:\/\/filo.unt.edu.ar\/noticias\/wp-json\/wp\/v2\/tags?post=10000"}],"curies":[{"name":"wp","href":"https:\/\/api.w.org\/{rel}","templated":true}]}}