{"id":733,"date":"2023-06-26T09:18:59","date_gmt":"2023-06-26T12:18:59","guid":{"rendered":"http:\/\/filo.unt.edu.ar\/inihlep\/?p=733"},"modified":"2023-06-27T11:57:03","modified_gmt":"2023-06-27T14:57:03","slug":"faros-y-pantanos-de-luis-gonzalez-alvo","status":"publish","type":"post","link":"https:\/\/filo.unt.edu.ar\/inihlep\/2023\/06\/26\/faros-y-pantanos-de-luis-gonzalez-alvo\/","title":{"rendered":"Faros y pantanos, de Luis Gonz\u00e1lez Alvo"},"content":{"rendered":"<p><img loading=\"lazy\" decoding=\"async\" class=\"alignnone size-medium wp-image-734\" src=\"http:\/\/filo.unt.edu.ar\/inihlep\/wp-content\/uploads\/sites\/101\/2023\/06\/IMG-20230623-WA0006-300x225.jpg\" alt=\"\" width=\"300\" height=\"225\" srcset=\"https:\/\/filo.unt.edu.ar\/inihlep\/wp-content\/uploads\/sites\/101\/2023\/06\/IMG-20230623-WA0006-300x225.jpg 300w, https:\/\/filo.unt.edu.ar\/inihlep\/wp-content\/uploads\/sites\/101\/2023\/06\/IMG-20230623-WA0006-1024x768.jpg 1024w, https:\/\/filo.unt.edu.ar\/inihlep\/wp-content\/uploads\/sites\/101\/2023\/06\/IMG-20230623-WA0006-768x576.jpg 768w, https:\/\/filo.unt.edu.ar\/inihlep\/wp-content\/uploads\/sites\/101\/2023\/06\/IMG-20230623-WA0006-1536x1153.jpg 1536w, https:\/\/filo.unt.edu.ar\/inihlep\/wp-content\/uploads\/sites\/101\/2023\/06\/IMG-20230623-WA0006-1320x991.jpg 1320w, https:\/\/filo.unt.edu.ar\/inihlep\/wp-content\/uploads\/sites\/101\/2023\/06\/IMG-20230623-WA0006.jpg 1599w\" sizes=\"auto, (max-width: 300px) 100vw, 300px\" \/><\/p>\n<p>El pasado jueves 22 de junio se present\u00f3 en el Archivo Hist\u00f3rico de la Provincia de Tucum\u00e1n el libro <em>Faros y pantanos. Una historia de las prisiones provinciales argentinas (C\u00f3rdoba, Santa Fe y Tucum\u00e1n, 1853-1946) <\/em>Luis Gonz\u00e1lez Alvo. La obra fue presentada por el Dr. Jorge Nu\u00f1ez miembro del Instituto de Investigaciones de Historia del Derecho y la Dra. Gabriela T\u00edo Vallejo del Instituto de Investigaciones Hist\u00f3ricas &#8220;Dr. Ram\u00f3n Leoni Pinto&#8221;.<\/p>\n","protected":false},"excerpt":{"rendered":"<p>El pasado jueves 22 de junio se present\u00f3 en el Archivo Hist\u00f3rico de la Provincia de Tucum\u00e1n el libro Faros y pantanos. Una historia de las prisiones provinciales argentinas (C\u00f3rdoba, Santa Fe y Tucum\u00e1n, 1853-1946) Luis Gonz\u00e1lez Alvo. La obra fue presentada por el Dr. Jorge Nu\u00f1ez miembro del Instituto de Investigaciones de Historia del [&hellip;]<\/p>\n","protected":false},"author":1,"featured_media":0,"comment_status":"closed","ping_status":"closed","sticky":false,"template":"","format":"standard","meta":{"footnotes":""},"categories":[5],"tags":[],"class_list":["post-733","post","type-post","status-publish","format-standard","hentry","category-novedades"],"_links":{"self":[{"href":"https:\/\/filo.unt.edu.ar\/inihlep\/wp-json\/wp\/v2\/posts\/733","targetHints":{"allow":["GET"]}}],"collection":[{"href":"https:\/\/filo.unt.edu.ar\/inihlep\/wp-json\/wp\/v2\/posts"}],"about":[{"href":"https:\/\/filo.unt.edu.ar\/inihlep\/wp-json\/wp\/v2\/types\/post"}],"author":[{"embeddable":true,"href":"https:\/\/filo.unt.edu.ar\/inihlep\/wp-json\/wp\/v2\/users\/1"}],"replies":[{"embeddable":true,"href":"https:\/\/filo.unt.edu.ar\/inihlep\/wp-json\/wp\/v2\/comments?post=733"}],"version-history":[{"count":4,"href":"https:\/\/filo.unt.edu.ar\/inihlep\/wp-json\/wp\/v2\/posts\/733\/revisions"}],"predecessor-version":[{"id":739,"href":"https:\/\/filo.unt.edu.ar\/inihlep\/wp-json\/wp\/v2\/posts\/733\/revisions\/739"}],"wp:attachment":[{"href":"https:\/\/filo.unt.edu.ar\/inihlep\/wp-json\/wp\/v2\/media?parent=733"}],"wp:term":[{"taxonomy":"category","embeddable":true,"href":"https:\/\/filo.unt.edu.ar\/inihlep\/wp-json\/wp\/v2\/categories?post=733"},{"taxonomy":"post_tag","embeddable":true,"href":"https:\/\/filo.unt.edu.ar\/inihlep\/wp-json\/wp\/v2\/tags?post=733"}],"curies":[{"name":"wp","href":"https:\/\/api.w.org\/{rel}","templated":true}]}}