{"id":305,"date":"2021-06-07T11:08:26","date_gmt":"2021-06-07T14:08:26","guid":{"rendered":"http:\/\/filo.unt.edu.ar\/inihlep\/?p=305"},"modified":"2022-03-21T11:03:00","modified_gmt":"2022-03-21T14:03:00","slug":"silvia-gabriela-nassif","status":"publish","type":"post","link":"https:\/\/filo.unt.edu.ar\/inihlep\/2021\/06\/07\/silvia-gabriela-nassif\/","title":{"rendered":"Silvia Gabriela Nassif"},"content":{"rendered":"<div id=\"pl-305\"  class=\"panel-layout\" ><div id=\"pg-305-0\"  class=\"panel-grid panel-no-style\" ><div id=\"pgc-305-0-0\"  class=\"panel-grid-cell\" ><div id=\"panel-305-0-0-0\" class=\"so-panel widget widget_black-studio-tinymce widget_black_studio_tinymce panel-first-child panel-last-child\" data-index=\"0\" ><div class=\"textwidget\"><p><img loading=\"lazy\" decoding=\"async\" src=\"http:\/\/filo.unt.edu.ar\/inihlep\/wp-content\/uploads\/sites\/101\/2021\/06\/Silvia-Nassif_8-cuadrada-300x300.jpg\" alt=\"\" width=\"300\" height=\"300\" class=\"alignnone size-medium wp-image-586\" srcset=\"https:\/\/filo.unt.edu.ar\/inihlep\/wp-content\/uploads\/sites\/101\/2021\/06\/Silvia-Nassif_8-cuadrada-300x300.jpg 300w, https:\/\/filo.unt.edu.ar\/inihlep\/wp-content\/uploads\/sites\/101\/2021\/06\/Silvia-Nassif_8-cuadrada-1024x1024.jpg 1024w, https:\/\/filo.unt.edu.ar\/inihlep\/wp-content\/uploads\/sites\/101\/2021\/06\/Silvia-Nassif_8-cuadrada-150x150.jpg 150w, https:\/\/filo.unt.edu.ar\/inihlep\/wp-content\/uploads\/sites\/101\/2021\/06\/Silvia-Nassif_8-cuadrada-768x768.jpg 768w, https:\/\/filo.unt.edu.ar\/inihlep\/wp-content\/uploads\/sites\/101\/2021\/06\/Silvia-Nassif_8-cuadrada-1536x1536.jpg 1536w, https:\/\/filo.unt.edu.ar\/inihlep\/wp-content\/uploads\/sites\/101\/2021\/06\/Silvia-Nassif_8-cuadrada-2048x2048.jpg 2048w, https:\/\/filo.unt.edu.ar\/inihlep\/wp-content\/uploads\/sites\/101\/2021\/06\/Silvia-Nassif_8-cuadrada-1320x1320.jpg 1320w\" sizes=\"auto, (max-width: 300px) 100vw, 300px\" \/><\/p>\n<p>Correo electr\u00f3nico:<a href=\"mailto:nassifsilvia@gmail.com\"> nassifsilvia@gmail.com<\/a><\/p>\n<p>Dra en Historia por la Universidad de Buenos Aires (UBA); Mgter en Psicolog\u00eda Social por la Fac. Psic. (UNT); Prof. y Lic. en Historia por la Fac. de Fil. y Letras (UNT). Es Investigadora del INTEPH-CONICET-UNT-FLACSO. Participa en distintos proyectos de investigaci\u00f3n: PIUNT \u201cEducaci\u00f3n, pol\u00edtica y sociedad en Tucum\u00e1n entre el pasado y el presente. Perspectivas cr\u00edticas\u201d; \u201cTransformaciones estructurales y relaciones laborales: cambios productivos y estrategias sindicales en la industria sider\u00fargica y azucarera desde mediados de los a\u00f1os \u201970 hasta la actualidad\u201d; y \u201cLa agricultura argentina en momentos de crisis: impacto socio-econ\u00f3micos y reconfiguraciones territoriales (1930 y 2001)\u201d. Es Dir. del proyecto \u201cPuesta en valor del Archivo Hist\u00f3rico de la Federaci\u00f3n Obrera Tucumana de la Industria Azucarera (FOTIA) Hilda Guerrero de Molina\u201d. Es Prof. adjunta en Historia Econ\u00f3mica y Social Argentina, Fac. de Ciencias Econ\u00f3micas-UBA; de la Maestr\u00eda y Doctorado en Ciencias Sociales\u2013 UNT; y de la Maestr\u00eda en Psicolog\u00eda Social, UNT. Es autora de distintos libros y de publicaciones en revistas arbitradas en la Argentina y en el exterior \u2013Brasil, Cuba y Estados Unidos-, especializadas en historia del movimiento obrero, conflictos sociales, historia regional y argentina siglo XX, historia oral, estudios agrarios, archivos y comunidades originarias. Participante como disertante de conferencias nacionales e internacionales invitada por el Colegio de M\u00e9xico; Instituto Mora; Universidad Aut\u00f3noma de M\u00e9xico, Xochimilco, Universidad de Oxford (Inglaterra); entre otras. Se especializa en historia del movimiento obrero argentino e indaga en las formas del conflicto social desde sus modalidades econ\u00f3micas a su expresi\u00f3n pol\u00edtica masiva en los levantamientos populares. Enfoca las relaciones entre pr\u00e1ctica social, conducta pol\u00edtica y proceso ideol\u00f3gico, explorando los aspectos psico-sociales presentes en grupos y sujetos.<\/p>\n<\/div><\/div><\/div><\/div><div id=\"pg-305-1\"  class=\"panel-grid panel-no-style\" ><div id=\"pgc-305-1-0\"  class=\"panel-grid-cell\" ><div id=\"panel-305-1-0-0\" class=\"so-panel widget widget_sow-button panel-first-child panel-last-child\" data-index=\"1\" ><div\n\t\t\t\n\t\t\tclass=\"so-widget-sow-button so-widget-sow-button-atom-920c1294a807-305\"\n\t\t\t\n\t\t><div class=\"ow-button-base ow-button-align-justify\"\n style=\"display: block;\">\n\t\t\t<a\n\t\t\t\t\thref=\"http:\/\/filo.unt.edu.ar\/inihlep\/integrantes\/\"\n\t\t\t\t\tclass=\"sowb-button ow-icon-placement-left ow-button-hover\" \t>\n\t\t<span>\n\t\t\t\n\t\t\tVOLVER A INTEGRANTES\t\t<\/span>\n\t\t\t<\/a>\n\t<\/div>\n<\/div><\/div><\/div><\/div><\/div>","protected":false},"excerpt":{"rendered":"<p>Correo electr\u00f3nico: nassifsilvia@gmail.com Dra en Historia por la Universidad de Buenos Aires (UBA); Mgter en Psicolog\u00eda Social por la Fac. Psic. (UNT); Prof. y Lic. en Historia por la Fac. de Fil. y Letras (UNT). Es Investigadora del INTEPH-CONICET-UNT-FLACSO. Participa en distintos proyectos de investigaci\u00f3n: PIUNT \u201cEducaci\u00f3n, pol\u00edtica y sociedad en Tucum\u00e1n entre el pasado [&hellip;]<\/p>\n","protected":false},"author":1,"featured_media":0,"comment_status":"closed","ping_status":"closed","sticky":false,"template":"","format":"standard","meta":{"footnotes":""},"categories":[6],"tags":[],"class_list":["post-305","post","type-post","status-publish","format-standard","hentry","category-integrantes"],"_links":{"self":[{"href":"https:\/\/filo.unt.edu.ar\/inihlep\/wp-json\/wp\/v2\/posts\/305","targetHints":{"allow":["GET"]}}],"collection":[{"href":"https:\/\/filo.unt.edu.ar\/inihlep\/wp-json\/wp\/v2\/posts"}],"about":[{"href":"https:\/\/filo.unt.edu.ar\/inihlep\/wp-json\/wp\/v2\/types\/post"}],"author":[{"embeddable":true,"href":"https:\/\/filo.unt.edu.ar\/inihlep\/wp-json\/wp\/v2\/users\/1"}],"replies":[{"embeddable":true,"href":"https:\/\/filo.unt.edu.ar\/inihlep\/wp-json\/wp\/v2\/comments?post=305"}],"version-history":[{"count":4,"href":"https:\/\/filo.unt.edu.ar\/inihlep\/wp-json\/wp\/v2\/posts\/305\/revisions"}],"predecessor-version":[{"id":587,"href":"https:\/\/filo.unt.edu.ar\/inihlep\/wp-json\/wp\/v2\/posts\/305\/revisions\/587"}],"wp:attachment":[{"href":"https:\/\/filo.unt.edu.ar\/inihlep\/wp-json\/wp\/v2\/media?parent=305"}],"wp:term":[{"taxonomy":"category","embeddable":true,"href":"https:\/\/filo.unt.edu.ar\/inihlep\/wp-json\/wp\/v2\/categories?post=305"},{"taxonomy":"post_tag","embeddable":true,"href":"https:\/\/filo.unt.edu.ar\/inihlep\/wp-json\/wp\/v2\/tags?post=305"}],"curies":[{"name":"wp","href":"https:\/\/api.w.org\/{rel}","templated":true}]}}