{"id":205,"date":"2020-11-04T09:43:40","date_gmt":"2020-11-04T12:43:40","guid":{"rendered":"http:\/\/filo.unt.edu.ar\/inihlep\/?p=205"},"modified":"2021-06-04T11:55:03","modified_gmt":"2021-06-04T14:55:03","slug":"a-medio-siglo-del-tucumanazo-1970-2020","status":"publish","type":"post","link":"https:\/\/filo.unt.edu.ar\/inihlep\/2020\/11\/04\/a-medio-siglo-del-tucumanazo-1970-2020\/","title":{"rendered":"A MEDIO SIGLO DEL TUCUMANAZO,\u00a01970-2020"},"content":{"rendered":"<div id=\"pl-205\"  class=\"panel-layout\" ><div id=\"pg-205-0\"  class=\"panel-grid panel-no-style\" ><div id=\"pgc-205-0-0\"  class=\"panel-grid-cell\" ><div id=\"panel-205-0-0-0\" class=\"so-panel widget widget_black-studio-tinymce widget_black_studio_tinymce panel-first-child panel-last-child\" data-index=\"0\" ><div class=\"textwidget\"><p>A MEDIO SIGLO DEL TUCUMANAZO,\u00a01970-2020<\/p>\n<p>En noviembre de 1970, en pleno gobierno de facto de la dictadura c\u00edvico-militar autodenominada \u201cRevoluci\u00f3n Argentina\u201d, estallaba en las calles de la capital tucumana una revuelta popular que pasar\u00eda a la historia como Tucumanazo. A medio siglo de esas jornadas miembros del INIHLEP realizaron dos v\u00eddeos conmemorativos.<\/p>\n<p>El primero de ellos fue realizado por Daniela Wieder, Eugenia Martin, Leonardo Said Achar, Martin Berta, Matias Galindo, Silvia Nassif, Rodrigo Dominguez y Rosario Robles miembros de GEMONOA y del Archivo Hist\u00f3rico de FOTIA \u201cHilda Guerrero de Molina\u201d<\/p>\n<p><iframe loading=\"lazy\" title=\"YouTube video player\" src=\"https:\/\/www.youtube.com\/embed\/5-aRAVk6u7k\" width=\"560\" height=\"315\" frameborder=\"0\" allowfullscreen=\"allowfullscreen\"><\/iframe><\/p>\n<p>&nbsp;<\/p>\n<p>&nbsp;<\/p>\n<\/div><\/div><\/div><\/div><div id=\"pg-205-1\"  class=\"panel-grid panel-no-style\" ><div id=\"pgc-205-1-0\"  class=\"panel-grid-cell\" ><div id=\"panel-205-1-0-0\" class=\"so-panel widget widget_black-studio-tinymce widget_black_studio_tinymce panel-first-child panel-last-child\" data-index=\"1\" ><div class=\"textwidget\"><p>El segundo fue producido por Emilse Marteau, Pablo Dar\u00edo Arjona Ib\u00e1\u00f1ez y Franco David L\u00f3pez Vale. En este corto se pueden escuchar las palabras de uno de los protagonistas del Tucumanazo: Jos\u00e9 \u201cMacho\u201d Luna, en aquel entonces dirigente estudiantil.<\/p>\n<p><iframe loading=\"lazy\" width=\"560\" height=\"315\" src=\"https:\/\/www.youtube.com\/embed\/70a0FKZ80nA\" title=\"YouTube video player\" frameborder=\"0\" allow=\"accelerometer; autoplay; clipboard-write; encrypted-media; gyroscope; picture-in-picture\" allowfullscreen><\/iframe><\/p>\n<\/div><\/div><\/div><\/div><\/div>","protected":false},"excerpt":{"rendered":"<p>A MEDIO SIGLO DEL TUCUMANAZO,\u00a01970-2020 En noviembre de 1970, en pleno gobierno de facto de la dictadura c\u00edvico-militar autodenominada \u201cRevoluci\u00f3n Argentina\u201d, estallaba en las calles de la capital tucumana una revuelta popular que pasar\u00eda a la historia como Tucumanazo. A medio siglo de esas jornadas miembros del INIHLEP realizaron dos v\u00eddeos conmemorativos. El primero de [&hellip;]<\/p>\n","protected":false},"author":1,"featured_media":0,"comment_status":"closed","ping_status":"closed","sticky":false,"template":"","format":"standard","meta":{"footnotes":""},"categories":[5],"tags":[],"class_list":["post-205","post","type-post","status-publish","format-standard","hentry","category-novedades"],"_links":{"self":[{"href":"https:\/\/filo.unt.edu.ar\/inihlep\/wp-json\/wp\/v2\/posts\/205","targetHints":{"allow":["GET"]}}],"collection":[{"href":"https:\/\/filo.unt.edu.ar\/inihlep\/wp-json\/wp\/v2\/posts"}],"about":[{"href":"https:\/\/filo.unt.edu.ar\/inihlep\/wp-json\/wp\/v2\/types\/post"}],"author":[{"embeddable":true,"href":"https:\/\/filo.unt.edu.ar\/inihlep\/wp-json\/wp\/v2\/users\/1"}],"replies":[{"embeddable":true,"href":"https:\/\/filo.unt.edu.ar\/inihlep\/wp-json\/wp\/v2\/comments?post=205"}],"version-history":[{"count":4,"href":"https:\/\/filo.unt.edu.ar\/inihlep\/wp-json\/wp\/v2\/posts\/205\/revisions"}],"predecessor-version":[{"id":207,"href":"https:\/\/filo.unt.edu.ar\/inihlep\/wp-json\/wp\/v2\/posts\/205\/revisions\/207"}],"wp:attachment":[{"href":"https:\/\/filo.unt.edu.ar\/inihlep\/wp-json\/wp\/v2\/media?parent=205"}],"wp:term":[{"taxonomy":"category","embeddable":true,"href":"https:\/\/filo.unt.edu.ar\/inihlep\/wp-json\/wp\/v2\/categories?post=205"},{"taxonomy":"post_tag","embeddable":true,"href":"https:\/\/filo.unt.edu.ar\/inihlep\/wp-json\/wp\/v2\/tags?post=205"}],"curies":[{"name":"wp","href":"https:\/\/api.w.org\/{rel}","templated":true}]}}