{"id":160,"date":"2018-11-03T20:07:00","date_gmt":"2018-11-03T23:07:00","guid":{"rendered":"http:\/\/filo.unt.edu.ar\/inihlep\/?p=160"},"modified":"2021-06-03T20:08:08","modified_gmt":"2021-06-03T23:08:08","slug":"presentacion-del-libro-historia-del-municipio-de-bella-vista","status":"publish","type":"post","link":"https:\/\/filo.unt.edu.ar\/inihlep\/2018\/11\/03\/presentacion-del-libro-historia-del-municipio-de-bella-vista\/","title":{"rendered":"PRESENTACI\u00d3N DEL LIBRO HISTORIA DEL MUNICIPIO DE BELLA\u00a0VISTA"},"content":{"rendered":"<div id=\"pl-160\"  class=\"panel-layout\" ><div id=\"pg-160-0\"  class=\"panel-grid panel-no-style\" ><div id=\"pgc-160-0-0\"  class=\"panel-grid-cell\" ><div id=\"panel-160-0-0-0\" class=\"so-panel widget widget_black-studio-tinymce widget_black_studio_tinymce panel-first-child panel-last-child\" data-index=\"0\" ><div class=\"textwidget\"><p>PRESENTACI\u00d3N DEL LIBRO HISTORIA DEL MUNICIPIO DE BELLA\u00a0VISTA<\/p>\n<p>El INIHLEP invita a la presentaci\u00f3n del libro \u201cHistoria del Municipio de Bella Vista\u201d compilado por la Dra. Luc\u00eda In\u00e9s Vidal Sanz a realizarse el d\u00eda 23 del corriente a horas 09:00 en la Casa de la Cultura de Bella Vista y en el marco de los Actos Celebratorios y Recordatorios de los 50\u00b0 a\u00f1os de la Comisi\u00f3n Pro-Defensa del Ingenio Bella Vista. La entrada es libre y gratuita. Los esperamos.<\/p>\n<p><a href=\"http:\/\/filo.unt.edu.ar\/inihlep\/wp-content\/uploads\/sites\/101\/2021\/06\/img-20181121-wa0016.jpg\"><img loading=\"lazy\" decoding=\"async\" class=\"size-medium wp-image-161 alignnone\" src=\"http:\/\/filo.unt.edu.ar\/inihlep\/wp-content\/uploads\/sites\/101\/2021\/06\/img-20181121-wa0016-300x206.jpg\" alt=\"\" width=\"300\" height=\"206\" srcset=\"https:\/\/filo.unt.edu.ar\/inihlep\/wp-content\/uploads\/sites\/101\/2021\/06\/img-20181121-wa0016-300x206.jpg 300w, https:\/\/filo.unt.edu.ar\/inihlep\/wp-content\/uploads\/sites\/101\/2021\/06\/img-20181121-wa0016-1024x704.jpg 1024w, https:\/\/filo.unt.edu.ar\/inihlep\/wp-content\/uploads\/sites\/101\/2021\/06\/img-20181121-wa0016-768x528.jpg 768w, https:\/\/filo.unt.edu.ar\/inihlep\/wp-content\/uploads\/sites\/101\/2021\/06\/img-20181121-wa0016.jpg 1280w\" sizes=\"auto, (max-width: 300px) 100vw, 300px\" \/><\/a><\/p>\n<p><a href=\"http:\/\/filo.unt.edu.ar\/inihlep\/wp-content\/uploads\/sites\/101\/2021\/06\/01-base-tapa-muni05-bellavista-680x880-1.png\"><img loading=\"lazy\" decoding=\"async\" class=\"size-medium wp-image-162 alignnone\" src=\"http:\/\/filo.unt.edu.ar\/inihlep\/wp-content\/uploads\/sites\/101\/2021\/06\/01-base-tapa-muni05-bellavista-680x880-1-232x300.png\" alt=\"\" width=\"232\" height=\"300\" srcset=\"https:\/\/filo.unt.edu.ar\/inihlep\/wp-content\/uploads\/sites\/101\/2021\/06\/01-base-tapa-muni05-bellavista-680x880-1-232x300.png 232w, https:\/\/filo.unt.edu.ar\/inihlep\/wp-content\/uploads\/sites\/101\/2021\/06\/01-base-tapa-muni05-bellavista-680x880-1.png 680w\" sizes=\"auto, (max-width: 232px) 100vw, 232px\" \/><\/a><\/p>\n<\/div><\/div><\/div><\/div><\/div>","protected":false},"excerpt":{"rendered":"<p>PRESENTACI\u00d3N DEL LIBRO HISTORIA DEL MUNICIPIO DE BELLA\u00a0VISTA El INIHLEP invita a la presentaci\u00f3n del libro \u201cHistoria del Municipio de Bella Vista\u201d compilado por la Dra. Luc\u00eda In\u00e9s Vidal Sanz a realizarse el d\u00eda 23 del corriente a horas 09:00 en la Casa de la Cultura de Bella Vista y en el marco de los [&hellip;]<\/p>\n","protected":false},"author":1,"featured_media":0,"comment_status":"closed","ping_status":"closed","sticky":false,"template":"","format":"standard","meta":{"footnotes":""},"categories":[5],"tags":[],"class_list":["post-160","post","type-post","status-publish","format-standard","hentry","category-novedades"],"_links":{"self":[{"href":"https:\/\/filo.unt.edu.ar\/inihlep\/wp-json\/wp\/v2\/posts\/160","targetHints":{"allow":["GET"]}}],"collection":[{"href":"https:\/\/filo.unt.edu.ar\/inihlep\/wp-json\/wp\/v2\/posts"}],"about":[{"href":"https:\/\/filo.unt.edu.ar\/inihlep\/wp-json\/wp\/v2\/types\/post"}],"author":[{"embeddable":true,"href":"https:\/\/filo.unt.edu.ar\/inihlep\/wp-json\/wp\/v2\/users\/1"}],"replies":[{"embeddable":true,"href":"https:\/\/filo.unt.edu.ar\/inihlep\/wp-json\/wp\/v2\/comments?post=160"}],"version-history":[{"count":1,"href":"https:\/\/filo.unt.edu.ar\/inihlep\/wp-json\/wp\/v2\/posts\/160\/revisions"}],"predecessor-version":[{"id":163,"href":"https:\/\/filo.unt.edu.ar\/inihlep\/wp-json\/wp\/v2\/posts\/160\/revisions\/163"}],"wp:attachment":[{"href":"https:\/\/filo.unt.edu.ar\/inihlep\/wp-json\/wp\/v2\/media?parent=160"}],"wp:term":[{"taxonomy":"category","embeddable":true,"href":"https:\/\/filo.unt.edu.ar\/inihlep\/wp-json\/wp\/v2\/categories?post=160"},{"taxonomy":"post_tag","embeddable":true,"href":"https:\/\/filo.unt.edu.ar\/inihlep\/wp-json\/wp\/v2\/tags?post=160"}],"curies":[{"name":"wp","href":"https:\/\/api.w.org\/{rel}","templated":true}]}}